{"id":62004,"date":"2021-04-30T11:08:16","date_gmt":"2021-04-30T09:08:16","guid":{"rendered":"https:\/\/www.messinaoggi.it\/website\/2021\/04\/30\/a-marzo-occupazione-in-lieve-crescita\/"},"modified":"2021-04-30T11:08:16","modified_gmt":"2021-04-30T09:08:16","slug":"a-marzo-occupazione-in-lieve-crescita","status":"publish","type":"post","link":"https:\/\/www.messinaoggi.it\/website\/2021\/04\/30\/a-marzo-occupazione-in-lieve-crescita\/","title":{"rendered":"A marzo occupazione in lieve crescita"},"content":{"rendered":"<div>ROMA (ITALPRESS) &#8211; Rispetto a febbraio, nel mese di marzo 2021 si registra una crescita degli occupati, a fronte di una diminuzione di disoccupati e inattivi. Lo rileva l&#8217;Istat. La crescita dell&#8217;occupazione (+0,2%, pari a +34mila unit\u00e0) coinvolge gli uomini, i dipendenti a termine, gli autonomi e tutte le classi d&#8217;et\u00e0 ad eccezione dei 35-49enni che, invece, diminuiscono cos\u00ec come le donne e i dipendenti permanenti. Il tasso di occupazione sale al 56,6% (+0,1 punti). Il calo del numero di persone in cerca di lavoro (-0,8% rispetto a febbraio, pari a -19mila unit\u00e0) riguarda gli uomini e gli over25, mentre tra le donne e i giovani di 15-24 anni si osserva un aumento. Il tasso di disoccupazione scende al 10,1% (-0,1 punti) e sale tra i giovani al 33,0% (+1,1 punti). <br \/>A marzo, rispetto al mese precedente, diminuisce anche il numero di inattivi (-0,3%, pari a -40mila unit\u00e0) a seguito del calo registrato per entrambi i sessi e per gli under35 che si contrappone all&#8217;aumento osservato tra le persone con almeno 35 anni. Il tasso di inattivit\u00e0 scende al 36,8% (-0,1 punti).<br \/>Il livello dell&#8217;occupazione nel I trimestre 2021 \u00e8 inferiore dell&#8217;1,1% a quello del trimestre precedente, con una diminuzione di 254mila unit\u00e0.<br \/>Nel trimestre aumentano sia le persone in cerca di occupazione (+2,4%, pari a +59mila) sia gli inattivi tra i 15 e i 64 anni (+1,0%, pari a +134mila unit\u00e0).<br \/>(ITALPRESS).<\/div>\n<div id=\"div-gpt-ad-Messinaoggi.it-DSK-300x250-corpoart\" style=\"text-align:center;margin:0 auto;\"><\/div><\/p><div id=\"videoincontent\" style=\"clear:both\";><\/div>","protected":false},"excerpt":{"rendered":"<p>ROMA (ITALPRESS) &#8211; Rispetto a febbraio, nel mese di marzo 2021 si registra una crescita degli occupati, a fronte di una diminuzione di disoccupati e inattivi. Lo rileva l&#8217;Istat. La crescita dell&#8217;occupazione (+0,2%, pari a +34mila unit\u00e0) coinvolge gli uomini, i dipendenti a termine, gli autonomi e tutte le classi d&#8217;et\u00e0 ad eccezione dei 35-49enni [&hellip;]<\/p>\n","protected":false},"author":18,"featured_media":62005,"comment_status":"closed","ping_status":"closed","sticky":false,"template":"","format":"standard","meta":{"ub_ctt_via":"","_mi_skip_tracking":false},"categories":[446],"tags":[783],"featured_image_src":"https:\/\/www.messinaoggi.it\/website\/wp-content\/uploads\/2021\/04\/20210430_0260.jpg","author_info":{"display_name":"Admin","author_link":"https:\/\/www.messinaoggi.it\/website\/author\/admin\/"},"digistream_id":0,"digistream":false,"_links":{"self":[{"href":"https:\/\/www.messinaoggi.it\/website\/wp-json\/wp\/v2\/posts\/62004"}],"collection":[{"href":"https:\/\/www.messinaoggi.it\/website\/wp-json\/wp\/v2\/posts"}],"about":[{"href":"https:\/\/www.messinaoggi.it\/website\/wp-json\/wp\/v2\/types\/post"}],"author":[{"embeddable":true,"href":"https:\/\/www.messinaoggi.it\/website\/wp-json\/wp\/v2\/users\/18"}],"replies":[{"embeddable":true,"href":"https:\/\/www.messinaoggi.it\/website\/wp-json\/wp\/v2\/comments?post=62004"}],"version-history":[{"count":0,"href":"https:\/\/www.messinaoggi.it\/website\/wp-json\/wp\/v2\/posts\/62004\/revisions"}],"wp:featuredmedia":[{"embeddable":true,"href":"https:\/\/www.messinaoggi.it\/website\/wp-json\/wp\/v2\/media\/62005"}],"wp:attachment":[{"href":"https:\/\/www.messinaoggi.it\/website\/wp-json\/wp\/v2\/media?parent=62004"}],"wp:term":[{"taxonomy":"category","embeddable":true,"href":"https:\/\/www.messinaoggi.it\/website\/wp-json\/wp\/v2\/categories?post=62004"},{"taxonomy":"post_tag","embeddable":true,"href":"https:\/\/www.messinaoggi.it\/website\/wp-json\/wp\/v2\/tags?post=62004"}],"curies":[{"name":"wp","href":"https:\/\/api.w.org\/{rel}","templated":true}]}}