{"id":61987,"date":"2021-04-30T09:07:36","date_gmt":"2021-04-30T07:07:36","guid":{"rendered":"https:\/\/www.messinaoggi.it\/website\/2021\/04\/30\/covid-salvini-a-maggio-si-ritorna-alla-vita-senza-coprifuoco\/"},"modified":"2021-04-30T09:07:36","modified_gmt":"2021-04-30T07:07:36","slug":"covid-salvini-a-maggio-si-ritorna-alla-vita-senza-coprifuoco","status":"publish","type":"post","link":"https:\/\/www.messinaoggi.it\/website\/2021\/04\/30\/covid-salvini-a-maggio-si-ritorna-alla-vita-senza-coprifuoco\/","title":{"rendered":"Covid, Salvini \u201cA maggio si ritorna alla vita senza coprifuoco\u201d"},"content":{"rendered":"<div>ROMA (ITALPRESS) &#8211; &#8220;Le vaccinazioni stanno andando bene, ieri in Lombardia ne sono state fatte 115 mila e siamo ormai vicini, in tutto il paese, a quota 500 mila, stanno aumentando i guariti, si stanno svuotando i letti in terapia intensiva, se i dati andranno avanti cos\u00ec, con 400 mila vaccinazioni al giorno, penso che entro maggio il ritorno alla vita senza coprifuoco sia un obiettivo raggiungibile&#8221;. Lo ha detto il leader della Lega, Matteo Salvini, ospite di Radio Capital.<br \/>&#8220;Il mio obiettivo \u00e8 arrivare alla cancellazione del coprifuoco, alla libert\u00e0 &#8211; ha aggiunto -. Entro met\u00e0 maggio il coprifuoco pu\u00f2 essere tranquillamente cancellato&#8221;.<br \/>(ITALPRESS).<\/div>\n<div id=\"div-gpt-ad-Messinaoggi.it-DSK-300x250-corpoart\" style=\"text-align:center;margin:0 auto;\"><\/div><\/p><div id=\"videoincontent\" style=\"clear:both\";><\/div>","protected":false},"excerpt":{"rendered":"<p>ROMA (ITALPRESS) &#8211; &#8220;Le vaccinazioni stanno andando bene, ieri in Lombardia ne sono state fatte 115 mila e siamo ormai vicini, in tutto il paese, a quota 500 mila, stanno aumentando i guariti, si stanno svuotando i letti in terapia intensiva, se i dati andranno avanti cos\u00ec, con 400 mila vaccinazioni al giorno, penso che [&hellip;]<\/p>\n","protected":false},"author":18,"featured_media":61988,"comment_status":"closed","ping_status":"closed","sticky":false,"template":"","format":"standard","meta":{"ub_ctt_via":"","_mi_skip_tracking":false},"categories":[446],"tags":[783],"featured_image_src":"https:\/\/www.messinaoggi.it\/website\/wp-content\/uploads\/2021\/04\/20210430_0126.jpg","author_info":{"display_name":"Admin","author_link":"https:\/\/www.messinaoggi.it\/website\/author\/admin\/"},"digistream_id":0,"digistream":false,"_links":{"self":[{"href":"https:\/\/www.messinaoggi.it\/website\/wp-json\/wp\/v2\/posts\/61987"}],"collection":[{"href":"https:\/\/www.messinaoggi.it\/website\/wp-json\/wp\/v2\/posts"}],"about":[{"href":"https:\/\/www.messinaoggi.it\/website\/wp-json\/wp\/v2\/types\/post"}],"author":[{"embeddable":true,"href":"https:\/\/www.messinaoggi.it\/website\/wp-json\/wp\/v2\/users\/18"}],"replies":[{"embeddable":true,"href":"https:\/\/www.messinaoggi.it\/website\/wp-json\/wp\/v2\/comments?post=61987"}],"version-history":[{"count":0,"href":"https:\/\/www.messinaoggi.it\/website\/wp-json\/wp\/v2\/posts\/61987\/revisions"}],"wp:featuredmedia":[{"embeddable":true,"href":"https:\/\/www.messinaoggi.it\/website\/wp-json\/wp\/v2\/media\/61988"}],"wp:attachment":[{"href":"https:\/\/www.messinaoggi.it\/website\/wp-json\/wp\/v2\/media?parent=61987"}],"wp:term":[{"taxonomy":"category","embeddable":true,"href":"https:\/\/www.messinaoggi.it\/website\/wp-json\/wp\/v2\/categories?post=61987"},{"taxonomy":"post_tag","embeddable":true,"href":"https:\/\/www.messinaoggi.it\/website\/wp-json\/wp\/v2\/tags?post=61987"}],"curies":[{"name":"wp","href":"https:\/\/api.w.org\/{rel}","templated":true}]}}