{"id":61914,"date":"2021-04-29T19:41:20","date_gmt":"2021-04-29T17:41:20","guid":{"rendered":"http:\/\/www.messinaoggi.it\/website\/?p=61914"},"modified":"2021-04-29T20:18:43","modified_gmt":"2021-04-29T18:18:43","slug":"commissario-covid-richiesto-deroga-per-isole-covid-free","status":"publish","type":"post","link":"https:\/\/www.messinaoggi.it\/website\/2021\/04\/29\/commissario-covid-richiesto-deroga-per-isole-covid-free\/","title":{"rendered":"Commissario Covid per Messina: &#8220;Richiesta deroga per isole Covid-free&#8221;"},"content":{"rendered":"\n<p>&#8220;Ho chiesto alla Regione, che si dovr\u00e0 confrontare anche  con l&#8217;ufficio del Commissario nazionale, la possibilit\u00e0 di iniziare a vaccinare, anche oltre le categorie attuali, con differenti target, tutti i residenti delle isole pi\u00f9 piccole delle Eolie (Stromboli Vulcano Panare, Alicudi, Filicudi) , per poter  terminare  il resto della popolazione  celermente e proseguire verso un&#8217;ipotesi di isole Covid free. Aspetto una risposta per partire con questa iniziativa&#8221;. <div id=\"div-gpt-ad-Messinaoggi.it-DSK-300x250-corpoart\" style=\"text-align:center;margin:0 auto;\"><\/div><\/p>\n\n\n\n<p>Lo dice il commissario dell&#8217;emergenza Covid 19 di Messina <strong>Alberto Firenze <\/strong>durante un  sopralluogo oggi pomeriggio al Palarescifina di Messina, uno dei pi\u00f9 grandi punti vaccinali della Sicilia, che dovrebbe essere pronto nei prossimi giorni. &#8220;Sarebbe interessante &#8211; prosegue Firenze &#8211; offrire anche, cos\u00ec come stanno facendo in Alaska, con una visione turistica, dei pacchetti dove oltre il viaggio e il soggiorno prevedere  anche la possibilit\u00e0 di far vaccinare i turisti che lo desiderano. Tutto questo seguendo sempre le categorie previste e dopo aver fatto il vaccino  ai residenti. Infine, ritengo che per aumentare le vaccinazioni si dovrebbe aprire ad altre categorie. Oggi come presidente della societ\u00e0 scientifica &#8216;Hospital &amp; Clinical risk managers&#8217;  ho lanciato   una petizione su<a rel=\"noreferrer noopener\" href=\"http:\/\/change.org\/\" target=\"_blank\"> change.org<\/a>, chiedendo al ministro della Salute di far vaccinare i dipendenti dei supermercati, che secondo noi sono molto esposti alla pandemia. Infine, accogliendo la richiesta delle Commissioni consiliari,  mi tengo a disposizione per supportare l\u2019iniziativa di vaccinare i senza tetto e consiglio di avviare la vaccinazione con   Johnson e Johnson. Le mie sono solo proposte, che potrebbero essere attuate con facilit\u00e0, vediamo quali saranno poi approvate. Firenze durante il sopralluogo al Palarescifina ha parlato dei lavori al nuovo hub, spiegando: &#8220;siamo a buon punto mancano ancora  i collegamenti per il cablaggio delle strumentazioni elettroniche e della Rete informatica e internet, e altri piccoli accorgimenti strutturali. Questa struttura, che \u00e8 una delle pi\u00f9 grandi della Sicilia, ci consentir\u00e0 di avere pi\u00f9 spazio per l&#8217;accettazione e l&#8217;anamnesi in  modo da velocizzare le procedure per la<div id=\"videoincontent\" style=\"clear:both\";><\/div><\/p>\n","protected":false},"excerpt":{"rendered":"<p>&#8220;Ho chiesto alla Regione, che si dovr\u00e0 confrontare anche con l&#8217;ufficio del Commissario nazionale, la possibilit\u00e0 di iniziare a vaccinare, anche oltre le categorie attuali, con differenti target, tutti i residenti delle isole pi\u00f9 piccole delle Eolie (Stromboli Vulcano Panare, Alicudi, Filicudi) , per poter terminare il resto della popolazione celermente e proseguire verso un&#8217;ipotesi [&hellip;]<\/p>\n","protected":false},"author":2,"featured_media":60499,"comment_status":"open","ping_status":"open","sticky":false,"template":"","format":"standard","meta":{"ub_ctt_via":"","_mi_skip_tracking":false},"categories":[13,221,14],"tags":[1557,1556,836],"featured_image_src":"https:\/\/www.messinaoggi.it\/website\/wp-content\/uploads\/2021\/04\/il-commissario-alberto-firenze-a-Lipari.jpg","author_info":{"display_name":"Redazione","author_link":"https:\/\/www.messinaoggi.it\/website\/author\/redazione\/"},"digistream_id":0,"digistream":false,"_links":{"self":[{"href":"https:\/\/www.messinaoggi.it\/website\/wp-json\/wp\/v2\/posts\/61914"}],"collection":[{"href":"https:\/\/www.messinaoggi.it\/website\/wp-json\/wp\/v2\/posts"}],"about":[{"href":"https:\/\/www.messinaoggi.it\/website\/wp-json\/wp\/v2\/types\/post"}],"author":[{"embeddable":true,"href":"https:\/\/www.messinaoggi.it\/website\/wp-json\/wp\/v2\/users\/2"}],"replies":[{"embeddable":true,"href":"https:\/\/www.messinaoggi.it\/website\/wp-json\/wp\/v2\/comments?post=61914"}],"version-history":[{"count":2,"href":"https:\/\/www.messinaoggi.it\/website\/wp-json\/wp\/v2\/posts\/61914\/revisions"}],"predecessor-version":[{"id":61921,"href":"https:\/\/www.messinaoggi.it\/website\/wp-json\/wp\/v2\/posts\/61914\/revisions\/61921"}],"wp:featuredmedia":[{"embeddable":true,"href":"https:\/\/www.messinaoggi.it\/website\/wp-json\/wp\/v2\/media\/60499"}],"wp:attachment":[{"href":"https:\/\/www.messinaoggi.it\/website\/wp-json\/wp\/v2\/media?parent=61914"}],"wp:term":[{"taxonomy":"category","embeddable":true,"href":"https:\/\/www.messinaoggi.it\/website\/wp-json\/wp\/v2\/categories?post=61914"},{"taxonomy":"post_tag","embeddable":true,"href":"https:\/\/www.messinaoggi.it\/website\/wp-json\/wp\/v2\/tags?post=61914"}],"curies":[{"name":"wp","href":"https:\/\/api.w.org\/{rel}","templated":true}]}}