{"id":61895,"date":"2021-04-29T19:07:31","date_gmt":"2021-04-29T17:07:31","guid":{"rendered":"https:\/\/www.messinaoggi.it\/website\/2021\/04\/29\/innocenzo-cipolletta-nuovo-presidente-della-febaf\/"},"modified":"2021-04-29T19:07:31","modified_gmt":"2021-04-29T17:07:31","slug":"innocenzo-cipolletta-nuovo-presidente-della-febaf","status":"publish","type":"post","link":"https:\/\/www.messinaoggi.it\/website\/2021\/04\/29\/innocenzo-cipolletta-nuovo-presidente-della-febaf\/","title":{"rendered":"Innocenzo Cipolletta nuovo presidente della Febaf"},"content":{"rendered":"<div>ROMA (ITALPRESS) &#8211; Innocenzo Cipolletta \u00e8 il nuovo presidente della Federazione Banche Assicurazioni e Finanza (Febaf). <br \/>E&#8217; stato eletto all&#8217;unanimit\u00e0 per il biennio in corso 2021-2022 dal Consiglio direttivo riunito in videoconferenza. Succede a Luigi Abete, che ha guidato la Federazione dal 2014 e che \u00e8 stato acclamato presidente onorario. &#8220;Ringrazio il Consiglio direttivo per la fiducia nei miei confronti e Luigi Abete per aver impresso una decisa accelerazione alle attivit\u00e0 e alla rappresentativit\u00e0 della Febaf&#8221;, ha detto Cipolletta subito dopo l&#8217;elezione. &#8220;Proseguiremo il lavoro sui temi europei, sulla declinazione del Pnrr e sul ruolo che il settore finanziario sar\u00e0 sempre pi\u00f9 chiamato a svolgere a favore delle imprese, dell&#8217;economia reale e dello sviluppo&#8221;, ha concluso. Il Consiglio direttivo ha espresso un convinto ringraziamento a Luigi Abete. Sotto la sua presidenza &#8211; e con il segretario generale, Paolo Garonna che affiancher\u00e0 Cipolletta &#8211; la Federazione ha ampliato e consolidato la base associativa, ora composta da tredici rappresentanze finanziarie: Abi, Ania, Aifi, Adepp, Aipb, Anfir, Assofiduciaria, Assofin, Assogestioni, Assoprevidenza, Assoreti, Assosim, Confindustria Assoimmobiliare. Durante questi sette anni &#8211; \u00e8 stato ribadito &#8211; Febaf ha acquisito centralit\u00e0 nel dibattito pubblico italiano ed europeo. Cipolletta \u00e8 stato dal 2013 vice presidente di Febaf in qualit\u00e0 di presidente Aifi. Presidente di Assonime dal 2017 al 2021, tra gli altri incarichi \u00e8 stato direttore generale di Confindustria dal 1990 al 2000.<br \/>(ITALPRESS).<\/div>\n<div id=\"div-gpt-ad-Messinaoggi.it-DSK-300x250-corpoart\" style=\"text-align:center;margin:0 auto;\"><\/div><\/p><div id=\"videoincontent\" style=\"clear:both\";><\/div>","protected":false},"excerpt":{"rendered":"<p>ROMA (ITALPRESS) &#8211; Innocenzo Cipolletta \u00e8 il nuovo presidente della Federazione Banche Assicurazioni e Finanza (Febaf). E&#8217; stato eletto all&#8217;unanimit\u00e0 per il biennio in corso 2021-2022 dal Consiglio direttivo riunito in videoconferenza. Succede a Luigi Abete, che ha guidato la Federazione dal 2014 e che \u00e8 stato acclamato presidente onorario. &#8220;Ringrazio il Consiglio direttivo per [&hellip;]<\/p>\n","protected":false},"author":18,"featured_media":61896,"comment_status":"closed","ping_status":"closed","sticky":false,"template":"","format":"standard","meta":{"ub_ctt_via":"","_mi_skip_tracking":false},"categories":[446],"tags":[783],"featured_image_src":"https:\/\/www.messinaoggi.it\/website\/wp-content\/uploads\/2021\/04\/20210429_2186.jpg","author_info":{"display_name":"Admin","author_link":"https:\/\/www.messinaoggi.it\/website\/author\/admin\/"},"digistream_id":0,"digistream":false,"_links":{"self":[{"href":"https:\/\/www.messinaoggi.it\/website\/wp-json\/wp\/v2\/posts\/61895"}],"collection":[{"href":"https:\/\/www.messinaoggi.it\/website\/wp-json\/wp\/v2\/posts"}],"about":[{"href":"https:\/\/www.messinaoggi.it\/website\/wp-json\/wp\/v2\/types\/post"}],"author":[{"embeddable":true,"href":"https:\/\/www.messinaoggi.it\/website\/wp-json\/wp\/v2\/users\/18"}],"replies":[{"embeddable":true,"href":"https:\/\/www.messinaoggi.it\/website\/wp-json\/wp\/v2\/comments?post=61895"}],"version-history":[{"count":0,"href":"https:\/\/www.messinaoggi.it\/website\/wp-json\/wp\/v2\/posts\/61895\/revisions"}],"wp:featuredmedia":[{"embeddable":true,"href":"https:\/\/www.messinaoggi.it\/website\/wp-json\/wp\/v2\/media\/61896"}],"wp:attachment":[{"href":"https:\/\/www.messinaoggi.it\/website\/wp-json\/wp\/v2\/media?parent=61895"}],"wp:term":[{"taxonomy":"category","embeddable":true,"href":"https:\/\/www.messinaoggi.it\/website\/wp-json\/wp\/v2\/categories?post=61895"},{"taxonomy":"post_tag","embeddable":true,"href":"https:\/\/www.messinaoggi.it\/website\/wp-json\/wp\/v2\/tags?post=61895"}],"curies":[{"name":"wp","href":"https:\/\/api.w.org\/{rel}","templated":true}]}}