{"id":61727,"date":"2021-04-29T13:15:51","date_gmt":"2021-04-29T11:15:51","guid":{"rendered":"http:\/\/www.messinaoggi.it\/website\/?p=61727"},"modified":"2021-04-29T15:57:55","modified_gmt":"2021-04-29T13:57:55","slug":"primo-maggio-piu-controlli-nei-litorali-e-nelle-zone-collinari","status":"publish","type":"post","link":"https:\/\/www.messinaoggi.it\/website\/2021\/04\/29\/primo-maggio-piu-controlli-nei-litorali-e-nelle-zone-collinari\/","title":{"rendered":"Primo maggio, stretta dalla Prefettura: Messina blindata"},"content":{"rendered":"\n<p>Si rafforzano i controlli in occasione del primo maggio. Ieri si \u00e8 svolta presso la Prefettura di Messina una riunione del Comitato provinciale per l\u2019ordine e la sicurezza pubblica, presieduto dal prefetto, Cosima di Stani.<div id=\"div-gpt-ad-Messinaoggi.it-DSK-300x250-corpoart\" style=\"text-align:center;margin:0 auto;\"><\/div><\/p>\n\n\n\n<p>Il Prefetto, in apertura dei lavori, ha evidenziato come la ricorrenza potrebbe costituire l\u2019occasione per raduni spontanei e assembramenti in parchi, aree picnic, litorali e, in generale, nei luoghi all\u2019aperto sede di abituale ritrovo, richiedendo pertanto un particolare impegno delle Forze di polizia, in relazione alle vigenti misure restrittive di contenimento dell\u2019emergenza epidemiologica.<div id=\"videoincontent\" style=\"clear:both\";><\/div><\/p>\n\n\n\n<p>In sede di Comitato, \u00e8 stata condivisa l\u2019esigenza di incrementare le attivit\u00e0 generali di controllo e vigilanza del territorio. A tale riguardo \u00e8 stata richiamata l\u2019attenzione dei sindaci presenti all\u2019incontro (Barcellona Pozzo di Gotto, Capo D\u2019Orlando, Lipari, Milazzo, Patti, Rometta, Sant\u2019Agata di Militello, Santo Stefano di Camastra e Taormina) e dell\u2019Assessore all\u2019emergenza Covid-19 del Comune di Messina sulle recenti disposizioni normative anti coronavirus, che hanno attribuito ai primi cittadini il potere di disporre la chiusura di specifiche aree pubbliche o aperte al pubblico (strade, piazze, lungomare, ecc.) nelle quali non sia possibile assicurare adeguatamente il rispetto della distanza interpersonale di sicurezza.<\/p>\n\n\n\n<p>Una particolare attenzione \u00e8 stata riservata anche alle attivit\u00e0 di controllo da svolgere sulla rete stradale e autostradale nonch\u00e9 sugli scali portuali, con una specifica intensificazione presso i varchi in entrata e in uscita dalla citt\u00e0 capoluogo:<\/p>\n\n\n\n<p>&#8211; Rada San Francesco;<\/p>\n\n\n\n<p>&#8211; Molo Rizzo;<\/p>\n\n\n\n<p>&#8211; Porto di Tremestieri;<\/p>\n\n\n\n<p>&#8211; Stazione Centrale e Marittima;<\/p>\n\n\n\n<p>&#8211; Terminal bus (compreso il parcheggio Cavallotti).<\/p>\n\n\n\n<p>I servizi di vigilanza dinamica dedicata delle pattuglie interforze, gi\u00e0 in atto nel centro cittadino, saranno ulteriormente incrementati con la previsione di pattugliamenti appiedati da parte di maggiori aliquote di militari dell\u2019Esercito, nelle piazze e nelle vie cittadine, sedi di abituale ritrovo di giovani (piazza Cairoli, piazza Lo Sardo, viale San Martino e strade limitrofe, piazza Duomo, piazza Antonello, piazza Unione Europea e Cristo Re).<\/p>\n\n\n\n<p>Saranno sottoposti a controllo anche i litorali (a nord, dal torrente Annunziata a Mortelle, e a sud, da Tremestieri a Giampilieri) e alle zone collinari (in particolare alle localit\u00e0 \u201cQuattro strade\u201d e \u201cPortella Castanea\u201d), luoghi di consueto ritrovo durante la bella stagione.<\/p>\n\n\n\n<p>Con il supporto della Polizia Stradale, verr\u00e0 altres\u00ec assicurato lo svolgimento di mirati servizi presso le barriere autostradali di Villafranca Tirrena e Tremestieri nonch\u00e9 di posti di controllo lungo i tratti autostradali.<\/p>\n\n\n\n<p>\u00c8 stata inoltre prevista l\u2019utilizzazione di droni, messi a disposizione delle forze dell\u2019ordine da parte del Comune di Messina, per lo svolgimento di mirati controlli pure nelle aree periferiche della citt\u00e0 (litorali, villaggi collinari e Colli San Rizzo).<\/p>\n\n\n\n<p>\u00c8 stato previsto l\u2019intervento anche di elicotteri messi a disposizione dalla Guardia di Finanza e dall\u2019Arma dei Carabinieri, al fine di consentire che l\u2019attivit\u00e0 di controllo comprenda anche le zone a rischio assembramento pi\u00f9 difficilmente raggiungibili.<\/p>\n\n\n\n<p>Analoga intensificazione delle attivit\u00e0 di vigilanza sar\u00e0 disposta in provincia, con particolare riferimento al Porto di Milazzo, luogo di imbarco per le isole Eolie, alle spiagge dei paesi rivieraschi ed ai Comuni solitamente interessati da un maggior afflusso di persone.<\/p>\n\n\n\n<p>Il Prefetto, da ultimo, ha puntualizzato come sia necessario che ciascuno si assuma una maggiore responsabilit\u00e0, soprattutto in questa fase in cui si sta procedendo alla campagna di vaccinazione i cui progressi devono indurre ad un approccio positivo, senza tuttavia escludere un ulteriore sforzo da parte di tutti i cittadini.<\/p>\n","protected":false},"excerpt":{"rendered":"<p>Si rafforzano i controlli in occasione del primo maggio. Ieri si \u00e8 svolta presso la Prefettura di Messina una riunione del Comitato provinciale per l\u2019ordine e la sicurezza pubblica, presieduto dal prefetto, Cosima di Stani. Il Prefetto, in apertura dei lavori, ha evidenziato come la ricorrenza potrebbe costituire l\u2019occasione per raduni spontanei e assembramenti in [&hellip;]<\/p>\n","protected":false},"author":8,"featured_media":49179,"comment_status":"open","ping_status":"open","sticky":false,"template":"","format":"standard","meta":{"ub_ctt_via":"","_mi_skip_tracking":false},"categories":[221],"tags":[782,1529],"featured_image_src":"https:\/\/www.messinaoggi.it\/website\/wp-content\/uploads\/2020\/11\/prefettura-messina.jpg","author_info":{"display_name":"red..me","author_link":"https:\/\/www.messinaoggi.it\/website\/author\/redstage\/"},"digistream_id":0,"digistream":false,"_links":{"self":[{"href":"https:\/\/www.messinaoggi.it\/website\/wp-json\/wp\/v2\/posts\/61727"}],"collection":[{"href":"https:\/\/www.messinaoggi.it\/website\/wp-json\/wp\/v2\/posts"}],"about":[{"href":"https:\/\/www.messinaoggi.it\/website\/wp-json\/wp\/v2\/types\/post"}],"author":[{"embeddable":true,"href":"https:\/\/www.messinaoggi.it\/website\/wp-json\/wp\/v2\/users\/8"}],"replies":[{"embeddable":true,"href":"https:\/\/www.messinaoggi.it\/website\/wp-json\/wp\/v2\/comments?post=61727"}],"version-history":[{"count":5,"href":"https:\/\/www.messinaoggi.it\/website\/wp-json\/wp\/v2\/posts\/61727\/revisions"}],"predecessor-version":[{"id":61863,"href":"https:\/\/www.messinaoggi.it\/website\/wp-json\/wp\/v2\/posts\/61727\/revisions\/61863"}],"wp:featuredmedia":[{"embeddable":true,"href":"https:\/\/www.messinaoggi.it\/website\/wp-json\/wp\/v2\/media\/49179"}],"wp:attachment":[{"href":"https:\/\/www.messinaoggi.it\/website\/wp-json\/wp\/v2\/media?parent=61727"}],"wp:term":[{"taxonomy":"category","embeddable":true,"href":"https:\/\/www.messinaoggi.it\/website\/wp-json\/wp\/v2\/categories?post=61727"},{"taxonomy":"post_tag","embeddable":true,"href":"https:\/\/www.messinaoggi.it\/website\/wp-json\/wp\/v2\/tags?post=61727"}],"curies":[{"name":"wp","href":"https:\/\/api.w.org\/{rel}","templated":true}]}}