{"id":61721,"date":"2021-04-29T06:07:32","date_gmt":"2021-04-29T04:07:32","guid":{"rendered":"https:\/\/www.messinaoggi.it\/website\/2021\/04\/28\/fonseca-serve-una-gara-perfetta-abbiamo-grande-ambizione\/"},"modified":"2021-04-29T09:23:07","modified_gmt":"2021-04-29T07:23:07","slug":"fonseca-serve-una-gara-perfetta-abbiamo-grande-ambizione","status":"publish","type":"post","link":"https:\/\/www.messinaoggi.it\/website\/2021\/04\/29\/fonseca-serve-una-gara-perfetta-abbiamo-grande-ambizione\/","title":{"rendered":"Fonseca \u201cServe una gara perfetta, abbiamo grande ambizione\u201d"},"content":{"rendered":"<div>ROMA (ITALPRESS) &#8211; &#8220;E&#8217; la partita pi\u00f9 importante della mia carriera ma \u00e8 una partita importante anche per la Roma. Non capita tutti i giorni di giocare una semifinale europea. Tutti quanti siamo consapevoli dell&#8217;importanza di questo impegno, dovremo fare una gara perfetta&#8221;. Paulo Fonseca non ha dubbi sull&#8217;approccio dei giallorossi domani all&#8217;Old Trafford, per la semifinale d&#8217;andata di Europa League contro il Manchester United. Prima della partenza la squadra \u00e8 stata accompagnata da circa 2.000 tifosi che hanno voluto dare la carica ai giallorossi. &#8220;Per noi \u00e8 molto importante sentire il sostegno dei tifosi. In questo momento conosciamo l&#8217;importanza di questa semifinale. Siamo tutti motivati e i tifosi ci hanno dato una carica in pi\u00f9&#8221;, aggiunge il tecnico portoghese, che potr\u00e0 contare anche sugli ex Smalling e Mkhitaryan: &#8220;L&#8217;abbiamo preparata bene, ho parlato naturalmente con Chris ed Henrikh che hanno giocato qui e hanno pi\u00f9 esperienza. Conosciamo la forza dello United, sar\u00e0 difficile ma arriviamo qui con grande rispetto e grande ambizione, dobbiamo sognare, lottare, \u00e8 un momento troppo importante per la Roma, per la citt\u00e0, per i tifosi, per l&#8217;Italia&#8221;. Fonseca, nel frattempo, si fa scivolare addosso le voci sul futuro della sua panchina. &#8220;Come le affronto? Con equilibrio, pensando solo a quello che \u00e8 importante adesso, ovvero la partita della Roma, non il mio futuro&#8221;.<br \/>(ITALPRESS).<\/div>\n<div id=\"div-gpt-ad-Messinaoggi.it-DSK-300x250-corpoart\" style=\"text-align:center;margin:0 auto;\"><\/div><\/p><div id=\"videoincontent\" style=\"clear:both\";><\/div>","protected":false},"excerpt":{"rendered":"<p>ROMA (ITALPRESS) &#8211; &#8220;E&#8217; la partita pi\u00f9 importante della mia carriera ma \u00e8 una partita importante anche per la Roma. Non capita tutti i giorni di giocare una semifinale europea. Tutti quanti siamo consapevoli dell&#8217;importanza di questo impegno, dovremo fare una gara perfetta&#8221;. Paulo Fonseca non ha dubbi sull&#8217;approccio dei giallorossi domani all&#8217;Old Trafford, per [&hellip;]<\/p>\n","protected":false},"author":18,"featured_media":61722,"comment_status":"closed","ping_status":"closed","sticky":false,"template":"","format":"standard","meta":{"ub_ctt_via":"","_mi_skip_tracking":false},"categories":[10,446,9],"tags":[783],"featured_image_src":"https:\/\/www.messinaoggi.it\/website\/wp-content\/uploads\/2021\/04\/20210428_2231.jpg","author_info":{"display_name":"Admin","author_link":"https:\/\/www.messinaoggi.it\/website\/author\/admin\/"},"digistream_id":0,"digistream":false,"_links":{"self":[{"href":"https:\/\/www.messinaoggi.it\/website\/wp-json\/wp\/v2\/posts\/61721"}],"collection":[{"href":"https:\/\/www.messinaoggi.it\/website\/wp-json\/wp\/v2\/posts"}],"about":[{"href":"https:\/\/www.messinaoggi.it\/website\/wp-json\/wp\/v2\/types\/post"}],"author":[{"embeddable":true,"href":"https:\/\/www.messinaoggi.it\/website\/wp-json\/wp\/v2\/users\/18"}],"replies":[{"embeddable":true,"href":"https:\/\/www.messinaoggi.it\/website\/wp-json\/wp\/v2\/comments?post=61721"}],"version-history":[{"count":1,"href":"https:\/\/www.messinaoggi.it\/website\/wp-json\/wp\/v2\/posts\/61721\/revisions"}],"predecessor-version":[{"id":61755,"href":"https:\/\/www.messinaoggi.it\/website\/wp-json\/wp\/v2\/posts\/61721\/revisions\/61755"}],"wp:featuredmedia":[{"embeddable":true,"href":"https:\/\/www.messinaoggi.it\/website\/wp-json\/wp\/v2\/media\/61722"}],"wp:attachment":[{"href":"https:\/\/www.messinaoggi.it\/website\/wp-json\/wp\/v2\/media?parent=61721"}],"wp:term":[{"taxonomy":"category","embeddable":true,"href":"https:\/\/www.messinaoggi.it\/website\/wp-json\/wp\/v2\/categories?post=61721"},{"taxonomy":"post_tag","embeddable":true,"href":"https:\/\/www.messinaoggi.it\/website\/wp-json\/wp\/v2\/tags?post=61721"}],"curies":[{"name":"wp","href":"https:\/\/api.w.org\/{rel}","templated":true}]}}