{"id":6169,"date":"2017-08-09T11:34:57","date_gmt":"2017-08-09T09:34:57","guid":{"rendered":"http:\/\/www.messinaoggi.it\/website\/?p=6169"},"modified":"2017-08-09T11:34:57","modified_gmt":"2017-08-09T09:34:57","slug":"presunte-infiltrazioni-mafiose-nella-sanita-gioveni-non-possiamo-far-finta-di-nulla-si-intervenga","status":"publish","type":"post","link":"https:\/\/www.messinaoggi.it\/website\/2017\/08\/09\/presunte-infiltrazioni-mafiose-nella-sanita-gioveni-non-possiamo-far-finta-di-nulla-si-intervenga\/","title":{"rendered":"Presunte infiltrazioni mafiose nella sanit\u00e0, Gioveni: \u201cNon possiamo far finta di nulla, si intervenga\u201d"},"content":{"rendered":"<p style=\"text-align: justify\"><span style=\"color: #000000\"><span style=\"font-family: Arial\"><span style=\"font-size: small\">&#8220;Non posso che definire inquietanti le dichiarazioni r<\/span><\/span><\/span><span style=\"color: #000000\"><span style=\"font-family: Arial\"><span style=\"font-size: small\">ese oggi in V Commis<\/span><\/span><\/span><span style=\"color: #000000\"><span style=\"font-family: Arial\"><span style=\"font-size: small\">sione dal Direttore Generale dell&#8217;Ospedale Papardo Michele Vullo (invitato sulle problematiche legate al ridimensionamento dello stesso nosocomio) su delle presunte infiltrazioni mafiose nel mondo della sanit\u00e0 siciliana (gi\u00e0 paventate dalla DIA) che sembrano essere confermate da dati certi!&#8221;. Ad affermarlo \u00e8 un allarmato Libero Gioveni, componente del gruppo misto in Consiglio Comunale, che in tal senso invita la Commissione a trasmettere il verbale alla Procura della Repubblica e al sindaco Accorinti nella qualit\u00e0 di massima autorit\u00e0 sanitaria locale.<\/span><\/span><\/span><div id=\"div-gpt-ad-Messinaoggi.it-DSK-300x250-corpoart\" style=\"text-align:center;margin:0 auto;\"><\/div><\/p>\n<p style=\"text-align: justify\"><span style=\"color: #000000\">\u201c<span style=\"font-family: Arial\"><span style=\"font-size: small\">Il dottor Vullo &#8211; spiega Gioveni &#8211; ha chiaramente denunciato, per esempio, un netto e anomalo calo di posti letto pubblici di dialisi, con consequenziale aumento di posti letto nelle strutture private! Il manager si \u00e8 anche lamentato in modo forte in Commissione dell&#8217;assordante silenzio della politica regionale e locale rispetto a questi moniti della DIA che andrebbero invece approfonditi a 360 gradi!<\/span><\/span><\/span><div id=\"videoincontent\" style=\"clear:both\";><\/div><\/p>\n<p style=\"text-align: justify\"><span style=\"color: #000000\"><span style=\"font-family: Arial\"><span style=\"font-size: small\">Non possiamo far finta di nulla &#8211; prosegue Gioveni &#8211; perch\u00e9 il diritto alla salute \u00e8 quello pi\u00f9 importante da garantire ai cittadini, e pensare che sulla pelle dei cittadini entri o sia gi\u00e0 entrato il malaffare per favorire parte della sanit\u00e0 privata, deve scuotere chi di competenza agendo a tutela della legalit\u00e0, della trasparenza e dell&#8217;efficientamento dei servizi sanitari pubblici.<\/span><\/span><\/span><\/p>\n<p style=\"text-align: justify\"><span style=\"color: #000000\"><span style=\"font-family: Arial\"><span style=\"font-size: small\">Pertanto &#8211; conclude il consigliere &#8211; nelle more che la sed<\/span><\/span><\/span><span style=\"color: #000000\"><span style=\"font-family: Arial\"><span style=\"font-size: small\">uta di oggi possa dare l&#8217;input alla Magistratura per scoperchiare eventuali azioni illecite nel mondo della sanit\u00e0 siciliana, auspico che anche il sindaco Accorinti, che sar\u00e0 subito allertato di ci\u00f2 che \u00e8 emerso oggi in a<\/span><\/span><\/span><span style=\"color: #000000\"><span style=\"font-family: Arial\"><span style=\"font-size: small\">ula, possa prendere una forte e netta posizione sulla delicata questione nell&#8217;interesse della salute dei cittadini che rappresenta\u201d.<\/span><\/span><\/span><\/p>\n","protected":false},"excerpt":{"rendered":"<p>&#8220;Non posso che definire inquietanti le dichiarazioni rese oggi in V Commissione dal Direttore Generale dell&#8217;Ospedale Papardo Michele Vullo (invitato sulle problematiche legate al ridimensionamento dello stesso nosocomio) su delle presunte infiltrazioni mafiose nel mondo della sanit\u00e0 siciliana (gi\u00e0 paventate dalla DIA) che sembrano essere confermate da dati certi!&#8221;. Ad affermarlo \u00e8 un allarmato Libero [&hellip;]<\/p>\n","protected":false},"author":8,"featured_media":2875,"comment_status":"closed","ping_status":"open","sticky":false,"template":"","format":"standard","meta":{"ub_ctt_via":"","_mi_skip_tracking":false},"categories":[6],"tags":[],"featured_image_src":"https:\/\/www.messinaoggi.it\/website\/wp-content\/uploads\/2017\/06\/sanita-2.jpg","author_info":{"display_name":"red..me","author_link":"https:\/\/www.messinaoggi.it\/website\/author\/redstage\/"},"digistream_id":0,"digistream":false,"_links":{"self":[{"href":"https:\/\/www.messinaoggi.it\/website\/wp-json\/wp\/v2\/posts\/6169"}],"collection":[{"href":"https:\/\/www.messinaoggi.it\/website\/wp-json\/wp\/v2\/posts"}],"about":[{"href":"https:\/\/www.messinaoggi.it\/website\/wp-json\/wp\/v2\/types\/post"}],"author":[{"embeddable":true,"href":"https:\/\/www.messinaoggi.it\/website\/wp-json\/wp\/v2\/users\/8"}],"replies":[{"embeddable":true,"href":"https:\/\/www.messinaoggi.it\/website\/wp-json\/wp\/v2\/comments?post=6169"}],"version-history":[{"count":0,"href":"https:\/\/www.messinaoggi.it\/website\/wp-json\/wp\/v2\/posts\/6169\/revisions"}],"wp:featuredmedia":[{"embeddable":true,"href":"https:\/\/www.messinaoggi.it\/website\/wp-json\/wp\/v2\/media\/2875"}],"wp:attachment":[{"href":"https:\/\/www.messinaoggi.it\/website\/wp-json\/wp\/v2\/media?parent=6169"}],"wp:term":[{"taxonomy":"category","embeddable":true,"href":"https:\/\/www.messinaoggi.it\/website\/wp-json\/wp\/v2\/categories?post=6169"},{"taxonomy":"post_tag","embeddable":true,"href":"https:\/\/www.messinaoggi.it\/website\/wp-json\/wp\/v2\/tags?post=6169"}],"curies":[{"name":"wp","href":"https:\/\/api.w.org\/{rel}","templated":true}]}}