{"id":61591,"date":"2021-04-28T08:00:14","date_gmt":"2021-04-28T06:00:14","guid":{"rendered":"http:\/\/www.messinaoggi.it\/website\/?p=61591"},"modified":"2021-04-27T22:23:33","modified_gmt":"2021-04-27T20:23:33","slug":"enti-locali-grasso-risposte-positive-dal-ministro-carfagna","status":"publish","type":"post","link":"https:\/\/www.messinaoggi.it\/website\/2021\/04\/28\/enti-locali-grasso-risposte-positive-dal-ministro-carfagna\/","title":{"rendered":"Enti locali, Grasso: &#8220;Risposte positive dal ministro Carfagna&#8221;"},"content":{"rendered":"\n<p>\u201cIl momento storico in atto \u00e8 difficile; sono consapevole delle difficolt\u00e0 che attraversano gli Enti Locali che spesso lamentano poca attenzione. Da parte mia voglio tranquillizzarli perch\u00e9 la scorsa settimana ho incontrato a Roma il Ministro per il Sud, Mara Carfagna, con la quale abbiamo parlato di rilancio del territorio&#8221;. Lo afferma la deputata di Forza Italia all\u2019Ars nonch\u00e9 coordinatrice del partito nella provincia di Messina, Bernardette Grasso, a seguito di un incontro con il Ministro per il Sud Mara Garfagna.<div id=\"div-gpt-ad-Messinaoggi.it-DSK-300x250-corpoart\" style=\"text-align:center;margin:0 auto;\"><\/div><\/p>\n\n\n\n<p>&#8220;Il rilancio &#8211; spiega Grasso &#8211; avverr\u00e0 attraverso una ricetta che passer\u00e0 anche dal Piano Strategico territoriale e urbano in Sicilia, che consentir\u00e0 di individuare quali sono i reali fabbisogni dei territori, per incardinarli nel prossimo Ciclo di programmazione 2021\/2027. <div id=\"videoincontent\" style=\"clear:both\";><\/div><\/p>\n\n\n\n<p>&#8220;Con il Ministro Carfagna ho affrontato anche il tema della Strategia nazionale delle aree interne e sulla bont\u00e0 di includere in essa i territori periferici attualmente esclusi. Ricordo che nel frattempo ho presentato un odg all\u2019Ars con il quale chiedo l\u2019istituzione della ZES per l\u2019Unione dei Nebrodi, un territorio che si presta allo sviluppo imprenditoriale specie in ambito green e blueconomy. Risponde a tutti i criteri previsti, proprio come illustrato la Ministro Carfagna. <\/p>\n\n\n\n<p>\u201cNel corso dell\u2019incontro al quale era presente anche la senatrice Gabriella Giammanco, ho anche esposto la necessit\u00e0 del doppio binario ferroviario Castelbuono-Patti, opera proposta dall\u2019assessore Falcone anche nel Recovery ma non inserita dallo Stato perch\u00e9 il livello di progettazione non consentiva di essere realizzata entro il 2026. \u00c8 un\u2019arteria strategica che collega Palermo a Messina e soprattutto una porzione di territorio la cui mobilit\u00e0 \u00e8 limitata, anche in ottica dello sviluppo turistico. <\/p>\n\n\n\n<p>&#8220;Infine, grazie a un mio emendamento, condiviso e sottoscritto da molti parlamentari e inserito in Finanziaria, sar\u00e0 prevista l\u2019assunzione di 300 tecnici, su cui i Comuni potranno contare a seguito di convenzioni stipulate con la Regione. Sono figure specializzate che potranno supportare gli Enti locali. Forza Italia c\u2019\u00e8, anche grazie al lavoro sinergico condotto insieme ai suoi rappresentanti a Roma&#8221;.<\/p>\n","protected":false},"excerpt":{"rendered":"<p>\u201cIl momento storico in atto \u00e8 difficile; sono consapevole delle difficolt\u00e0 che attraversano gli Enti Locali che spesso lamentano poca attenzione. Da parte mia voglio tranquillizzarli perch\u00e9 la scorsa settimana ho incontrato a Roma il Ministro per il Sud, Mara Carfagna, con la quale abbiamo parlato di rilancio del territorio&#8221;. Lo afferma la deputata di [&hellip;]<\/p>\n","protected":false},"author":8,"featured_media":44001,"comment_status":"open","ping_status":"open","sticky":false,"template":"","format":"standard","meta":{"ub_ctt_via":"","_mi_skip_tracking":false},"categories":[4],"tags":[1525,946],"featured_image_src":"https:\/\/www.messinaoggi.it\/website\/wp-content\/uploads\/2020\/05\/Bernardette-Grasso-1.jpg","author_info":{"display_name":"red..me","author_link":"https:\/\/www.messinaoggi.it\/website\/author\/redstage\/"},"digistream_id":0,"digistream":false,"_links":{"self":[{"href":"https:\/\/www.messinaoggi.it\/website\/wp-json\/wp\/v2\/posts\/61591"}],"collection":[{"href":"https:\/\/www.messinaoggi.it\/website\/wp-json\/wp\/v2\/posts"}],"about":[{"href":"https:\/\/www.messinaoggi.it\/website\/wp-json\/wp\/v2\/types\/post"}],"author":[{"embeddable":true,"href":"https:\/\/www.messinaoggi.it\/website\/wp-json\/wp\/v2\/users\/8"}],"replies":[{"embeddable":true,"href":"https:\/\/www.messinaoggi.it\/website\/wp-json\/wp\/v2\/comments?post=61591"}],"version-history":[{"count":3,"href":"https:\/\/www.messinaoggi.it\/website\/wp-json\/wp\/v2\/posts\/61591\/revisions"}],"predecessor-version":[{"id":61594,"href":"https:\/\/www.messinaoggi.it\/website\/wp-json\/wp\/v2\/posts\/61591\/revisions\/61594"}],"wp:featuredmedia":[{"embeddable":true,"href":"https:\/\/www.messinaoggi.it\/website\/wp-json\/wp\/v2\/media\/44001"}],"wp:attachment":[{"href":"https:\/\/www.messinaoggi.it\/website\/wp-json\/wp\/v2\/media?parent=61591"}],"wp:term":[{"taxonomy":"category","embeddable":true,"href":"https:\/\/www.messinaoggi.it\/website\/wp-json\/wp\/v2\/categories?post=61591"},{"taxonomy":"post_tag","embeddable":true,"href":"https:\/\/www.messinaoggi.it\/website\/wp-json\/wp\/v2\/tags?post=61591"}],"curies":[{"name":"wp","href":"https:\/\/api.w.org\/{rel}","templated":true}]}}