{"id":61510,"date":"2021-04-27T15:23:19","date_gmt":"2021-04-27T13:23:19","guid":{"rendered":"http:\/\/www.messinaoggi.it\/website\/?p=61510"},"modified":"2021-04-27T15:23:20","modified_gmt":"2021-04-27T13:23:20","slug":"giornata-sicurezza-sul-lavoro-tripodi-bisogna-passare-ai-fatti-obiettivo-zero-morti","status":"publish","type":"post","link":"https:\/\/www.messinaoggi.it\/website\/2021\/04\/27\/giornata-sicurezza-sul-lavoro-tripodi-bisogna-passare-ai-fatti-obiettivo-zero-morti\/","title":{"rendered":"Giornata sicurezza sul lavoro, Tripodi: \u201cBisogna passare ai fatti: obiettivo zero morti\u201d"},"content":{"rendered":"\n<p>\u201cIl 28 aprile si celebra la Giornata mondiale per la salute e sicurezza sul lavoro e per le vittime dell\u2019amianto: una data fondamentale che, in questa fase complicata provocata dalla pandemia da Covid-19, assume un valore dirimente e fondamentale\u201d. Queste le parole del segretario generale della UIL Messina, Ivan Tripodi.<div id=\"div-gpt-ad-Messinaoggi.it-DSK-300x250-corpoart\" style=\"text-align:center;margin:0 auto;\"><\/div><\/p>\n\n\n\n<p>\u201cLa pandemia, nonostante le pesanti e drammatiche conseguenze sanitarie e sociali, ha evidenziato il ruolo fondamentale del lavoro e dei lavoratori. \u2013 prosegue il sindacalista &#8211; In questo quadro, \u00e8 emersa la centralit\u00e0 della sicurezza dei lavoratori in tutti i luoghi di lavoro. Anche a Messina e nella sua provincia la Giornata mondiale per la salute e sicurezza sul lavoro assume un sapore particolare poich\u00e9 si tratta di rilanciare con forza i temi della difesa dei diritti e del rispetto della legalit\u00e0 in una terra nella quale il lavoro nero e lo sfruttamento dei lavoratori rappresentano piaghe gravissime che non possono essere ulteriormente tollerate.<div id=\"videoincontent\" style=\"clear:both\";><\/div><\/p>\n\n\n\n<p>\u201cPertanto, questa importante celebrazione deve rappresentare il punto di partenza per mettere al centro dell\u2019impegno e dell\u2019agenda delle Istituzioni e di tutte le parti sociali la salute e sicurezza dei lavoratori: una priorit\u00e0 urgente ed assoluta. \u00c8 venuto il momento di dire basta alle rituali parole di circostanza poich\u00e9 tutelare la salute dei lavoratori vuol dire tutelare il lavoro. L\u2019obiettivo, come ci piace affermare, \u00e8 \u2018Zero Morti sul Lavoro\u2019\u201d.<\/p>\n","protected":false},"excerpt":{"rendered":"<p>\u201cIl 28 aprile si celebra la Giornata mondiale per la salute e sicurezza sul lavoro e per le vittime dell\u2019amianto: una data fondamentale che, in questa fase complicata provocata dalla pandemia da Covid-19, assume un valore dirimente e fondamentale\u201d. Queste le parole del segretario generale della UIL Messina, Ivan Tripodi. \u201cLa pandemia, nonostante le pesanti [&hellip;]<\/p>\n","protected":false},"author":8,"featured_media":6485,"comment_status":"open","ping_status":"open","sticky":false,"template":"","format":"standard","meta":{"ub_ctt_via":"","_mi_skip_tracking":false},"categories":[4],"tags":[1513,141],"featured_image_src":"https:\/\/www.messinaoggi.it\/website\/wp-content\/uploads\/2017\/08\/IMG_1158-2.jpg","author_info":{"display_name":"red..me","author_link":"https:\/\/www.messinaoggi.it\/website\/author\/redstage\/"},"digistream_id":0,"digistream":false,"_links":{"self":[{"href":"https:\/\/www.messinaoggi.it\/website\/wp-json\/wp\/v2\/posts\/61510"}],"collection":[{"href":"https:\/\/www.messinaoggi.it\/website\/wp-json\/wp\/v2\/posts"}],"about":[{"href":"https:\/\/www.messinaoggi.it\/website\/wp-json\/wp\/v2\/types\/post"}],"author":[{"embeddable":true,"href":"https:\/\/www.messinaoggi.it\/website\/wp-json\/wp\/v2\/users\/8"}],"replies":[{"embeddable":true,"href":"https:\/\/www.messinaoggi.it\/website\/wp-json\/wp\/v2\/comments?post=61510"}],"version-history":[{"count":1,"href":"https:\/\/www.messinaoggi.it\/website\/wp-json\/wp\/v2\/posts\/61510\/revisions"}],"predecessor-version":[{"id":61511,"href":"https:\/\/www.messinaoggi.it\/website\/wp-json\/wp\/v2\/posts\/61510\/revisions\/61511"}],"wp:featuredmedia":[{"embeddable":true,"href":"https:\/\/www.messinaoggi.it\/website\/wp-json\/wp\/v2\/media\/6485"}],"wp:attachment":[{"href":"https:\/\/www.messinaoggi.it\/website\/wp-json\/wp\/v2\/media?parent=61510"}],"wp:term":[{"taxonomy":"category","embeddable":true,"href":"https:\/\/www.messinaoggi.it\/website\/wp-json\/wp\/v2\/categories?post=61510"},{"taxonomy":"post_tag","embeddable":true,"href":"https:\/\/www.messinaoggi.it\/website\/wp-json\/wp\/v2\/tags?post=61510"}],"curies":[{"name":"wp","href":"https:\/\/api.w.org\/{rel}","templated":true}]}}