{"id":61454,"date":"2021-04-27T11:28:23","date_gmt":"2021-04-27T09:28:23","guid":{"rendered":"http:\/\/www.messinaoggi.it\/website\/?p=61454"},"modified":"2021-04-27T11:29:57","modified_gmt":"2021-04-27T09:29:57","slug":"messinattiva-si-mobilita-per-la-pulizia-del-lungomare-graziella-campagna-appuntamento-a-lunedi","status":"publish","type":"post","link":"https:\/\/www.messinaoggi.it\/website\/2021\/04\/27\/messinattiva-si-mobilita-per-la-pulizia-del-lungomare-graziella-campagna-appuntamento-a-lunedi\/","title":{"rendered":"MessinAttiva si mobilita per la pulizia del lungomare Graziella Campagna: appuntamento a luned\u00ec"},"content":{"rendered":"\n<p>Dopo diversi interventi tra nord e centro citt\u00e0, MessinAttiva questa volta si sposta nella zona Sud. Alle 10 e 30 di luned\u00ec prossimo, 2 maggio, si terr\u00e0 la pulizia del Lungomare Graziella Campagna e sar\u00e0 aperta a tutti. L\u2019appuntamento \u00e8 all\u2019inizio del Lungomare e si pulir\u00e0 la spiaggia e l\u2019area limitrofa. <div id=\"div-gpt-ad-Messinaoggi.it-DSK-300x250-corpoart\" style=\"text-align:center;margin:0 auto;\"><\/div><\/p>\n\n\n\n<p>\u201cL\u2019evento vuole rappresentare come i cittadini possano modificare, con le loro forze, il territorio e la visione di esso. \u2013 si legge in una nota di MessinaAttiva &#8211; Come si possa formare una catena sempre pi\u00f9 grande. Perch\u00e9 se le azioni di una sola persona possono sembrare banali e senza alcun effetto, la consapevolezza che ce ne sono molte altre che stanno facendo la stessa cosa cambia la prospettiva e pu\u00f2 davvero rappresentare la spinta al cambiamento.<div id=\"videoincontent\" style=\"clear:both\";><\/div><\/p>\n\n\n\n<p>Come partecipare. &#8220;Per partecipare all&#8217;evento bisogna portare con s\u00e9 guanti in lattice o da giardiniere, dei sacchi per grandi rifiuti e, soprattutto, la buona volont\u00e0&#8221;, spiega MessinAttiva.<\/p>\n\n\n\n<p>\u201cEventuali aggiornamenti dovuti all&#8217;evolvere della situazione meteo verranno comunicati esclusivamente sulla pagina Facebook e Instagram di MessinAttiva\u201d, sottolinea l\u2019associazione.<\/p>\n","protected":false},"excerpt":{"rendered":"<p>Dopo diversi interventi tra nord e centro citt\u00e0, MessinAttiva questa volta si sposta nella zona Sud. Alle 10 e 30 di luned\u00ec prossimo, 2 maggio, si terr\u00e0 la pulizia del Lungomare Graziella Campagna e sar\u00e0 aperta a tutti. L\u2019appuntamento \u00e8 all\u2019inizio del Lungomare e si pulir\u00e0 la spiaggia e l\u2019area limitrofa. \u201cL\u2019evento vuole rappresentare come [&hellip;]<\/p>\n","protected":false},"author":8,"featured_media":61455,"comment_status":"open","ping_status":"open","sticky":false,"template":"","format":"standard","meta":{"ub_ctt_via":"","_mi_skip_tracking":false},"categories":[5],"tags":[1509,1507,1508],"featured_image_src":"https:\/\/www.messinaoggi.it\/website\/wp-content\/uploads\/2021\/04\/index.jpg","author_info":{"display_name":"red..me","author_link":"https:\/\/www.messinaoggi.it\/website\/author\/redstage\/"},"digistream_id":0,"digistream":false,"_links":{"self":[{"href":"https:\/\/www.messinaoggi.it\/website\/wp-json\/wp\/v2\/posts\/61454"}],"collection":[{"href":"https:\/\/www.messinaoggi.it\/website\/wp-json\/wp\/v2\/posts"}],"about":[{"href":"https:\/\/www.messinaoggi.it\/website\/wp-json\/wp\/v2\/types\/post"}],"author":[{"embeddable":true,"href":"https:\/\/www.messinaoggi.it\/website\/wp-json\/wp\/v2\/users\/8"}],"replies":[{"embeddable":true,"href":"https:\/\/www.messinaoggi.it\/website\/wp-json\/wp\/v2\/comments?post=61454"}],"version-history":[{"count":2,"href":"https:\/\/www.messinaoggi.it\/website\/wp-json\/wp\/v2\/posts\/61454\/revisions"}],"predecessor-version":[{"id":61457,"href":"https:\/\/www.messinaoggi.it\/website\/wp-json\/wp\/v2\/posts\/61454\/revisions\/61457"}],"wp:featuredmedia":[{"embeddable":true,"href":"https:\/\/www.messinaoggi.it\/website\/wp-json\/wp\/v2\/media\/61455"}],"wp:attachment":[{"href":"https:\/\/www.messinaoggi.it\/website\/wp-json\/wp\/v2\/media?parent=61454"}],"wp:term":[{"taxonomy":"category","embeddable":true,"href":"https:\/\/www.messinaoggi.it\/website\/wp-json\/wp\/v2\/categories?post=61454"},{"taxonomy":"post_tag","embeddable":true,"href":"https:\/\/www.messinaoggi.it\/website\/wp-json\/wp\/v2\/tags?post=61454"}],"curies":[{"name":"wp","href":"https:\/\/api.w.org\/{rel}","templated":true}]}}