{"id":6136,"date":"2017-08-08T18:40:30","date_gmt":"2017-08-08T16:40:30","guid":{"rendered":"http:\/\/www.messinaoggi.it\/website\/?p=6136"},"modified":"2017-08-08T18:40:30","modified_gmt":"2017-08-08T16:40:30","slug":"salvatore-velardo-pistunina-ripescaggio-meritato-noi-con-le-carte-in-regola","status":"publish","type":"post","link":"https:\/\/www.messinaoggi.it\/website\/2017\/08\/08\/salvatore-velardo-pistunina-ripescaggio-meritato-noi-con-le-carte-in-regola\/","title":{"rendered":"Salvatore Velardo: &quot;Pistunina, ripescaggio meritato. Noi con le carte in regola&#8230;&quot;"},"content":{"rendered":"<p style=\"text-align: justify\">&#8220;<em>Noi siamo il Pistunina e gli anni di affiliazione e partecipazione ai campionati Figc<\/em> (dal 1966, nel 2016 festeggiato il 50\u00b0 anniversario, ndr) <em>non ce li pu\u00f2 togliere nessuno. Ci abbiamo provato e creduto, avevamo le carte in regola pur sapendo quanto fosse difficile<\/em>&#8220;. Col ripescaggio in tasca <span style=\"font-family: Calibri\">(66,60 i punti ottenuti, a fronte degli almeno 86 che si aspettava, ma poco importa, avendo raggiunto comunque la meta),<\/span> sul quale comunque lui non ha mai avuto dubbi (basta rileggere le sue dichiarazioni in tempi non sospetti), \u00e8 l&#8217;ora della soddisfazione per il presidente rossonero <strong>Salvatore Velardo<\/strong>.<div id=\"div-gpt-ad-Messinaoggi.it-DSK-300x250-corpoart\" style=\"text-align:center;margin:0 auto;\"><\/div><\/p>\n<p style=\"text-align: justify\">Il massimo responsabile dell&#8217;Usd Pistunina, con la proverbiale determinazione e concretezza ereditata dal padre Mimmo &#8211; venuto a mancare lo scorso maggio e a cui corre il suo pensiero &#8211; si toglie qualche sassolino dalla scarpa. A Velardo non sono andati gi\u00f9 alcuni commenti sul Pistunina letti sul web nelle ultime ore, allorquando sin dalla tarda mattinata circolavano gi\u00e0 le voci sul ripescaggio: &#8220;<em>Mi dispiace che ancora una volta suscitiamo incredulit\u00e0 e stupore, per queste nostre scalate, in tutto l&#8217;ambiente calcistico siciliano che ci rimprovera di non avere un campo. Ma non \u00e8 colpa nostra, facciamo mille sacrifici sin dai tempi di mio padre <\/em>(il &#8220;presidentissimo&#8221; Mimmo, venuto a mancare lo scorso maggio dopo lunghe sofferenze, ndr)<em> ma ormai sono stanco di ripetere sempre le stesse cose&#8230;<\/em>&#8220;<div id=\"videoincontent\" style=\"clear:both\";><\/div><\/p>\n<p style=\"text-align: justify\">Al termine della scorsa stagione Salvatore Velardo sembrava sul punto di mollare tutto e far calare il sipario sull&#8217;Usd Pistunina dopo 51 anni di storia: a fargli cambiare idea ci hanno pensato &#8220;<em>Gli amici importanti che, in quest&#8217;estate, mi hanno indotto a non abbandonare trasmettendomi tanta grinta: su tutti Giovanni Capone<\/em> (main sponsor e vicepresidente, ndr), <em>poi Raimondo Mortelliti, mia moglie, le mie figlie e quanti mi sono vicini (Sandro Pinizzotto, Nino Nicosia. Aldo Grezzo e tanti altri), ma non dimentico i ragazzi con i quali l&#8217;anno scorso abbiamo sofferto tanto&#8230;&#8221;<\/em><\/p>\n<p style=\"text-align: justify\"><strong>Foto di gruppo, a ripescaggio ottenuto,\u00a0dopo l&#8217;arrivo del presidente al campo d&#8217;allenamento: da sinistra Aldo Grezzo, Ezio Raciti, Salvatore Velardo e Raimondo Mortelliti<\/strong><\/p>\n","protected":false},"excerpt":{"rendered":"<p>&#8220;Noi siamo il Pistunina e gli anni di affiliazione e partecipazione ai campionati Figc (dal 1966, nel 2016 festeggiato il 50\u00b0 anniversario, ndr) non ce li pu\u00f2 togliere nessuno. Ci abbiamo provato e creduto, avevamo le carte in regola pur sapendo quanto fosse difficile&#8220;. Col ripescaggio in tasca (66,60 i punti ottenuti, a fronte degli [&hellip;]<\/p>\n","protected":false},"author":9,"featured_media":6137,"comment_status":"closed","ping_status":"open","sticky":false,"template":"","format":"standard","meta":{"ub_ctt_via":"","_mi_skip_tracking":false},"categories":[10,9],"tags":[],"featured_image_src":"https:\/\/www.messinaoggi.it\/website\/wp-content\/uploads\/2017\/08\/IMG-20170808-WA00081-2.jpg","author_info":{"display_name":"Roberto Santoro","author_link":"https:\/\/www.messinaoggi.it\/website\/author\/r-santoro\/"},"digistream_id":0,"digistream":false,"_links":{"self":[{"href":"https:\/\/www.messinaoggi.it\/website\/wp-json\/wp\/v2\/posts\/6136"}],"collection":[{"href":"https:\/\/www.messinaoggi.it\/website\/wp-json\/wp\/v2\/posts"}],"about":[{"href":"https:\/\/www.messinaoggi.it\/website\/wp-json\/wp\/v2\/types\/post"}],"author":[{"embeddable":true,"href":"https:\/\/www.messinaoggi.it\/website\/wp-json\/wp\/v2\/users\/9"}],"replies":[{"embeddable":true,"href":"https:\/\/www.messinaoggi.it\/website\/wp-json\/wp\/v2\/comments?post=6136"}],"version-history":[{"count":0,"href":"https:\/\/www.messinaoggi.it\/website\/wp-json\/wp\/v2\/posts\/6136\/revisions"}],"wp:featuredmedia":[{"embeddable":true,"href":"https:\/\/www.messinaoggi.it\/website\/wp-json\/wp\/v2\/media\/6137"}],"wp:attachment":[{"href":"https:\/\/www.messinaoggi.it\/website\/wp-json\/wp\/v2\/media?parent=6136"}],"wp:term":[{"taxonomy":"category","embeddable":true,"href":"https:\/\/www.messinaoggi.it\/website\/wp-json\/wp\/v2\/categories?post=6136"},{"taxonomy":"post_tag","embeddable":true,"href":"https:\/\/www.messinaoggi.it\/website\/wp-json\/wp\/v2\/tags?post=6136"}],"curies":[{"name":"wp","href":"https:\/\/api.w.org\/{rel}","templated":true}]}}