{"id":61341,"date":"2021-04-26T16:07:36","date_gmt":"2021-04-26T14:07:36","guid":{"rendered":"https:\/\/www.messinaoggi.it\/website\/2021\/04\/26\/recovery-tajani-interesse-nazionale-non-e-separato-da-quello-europeo\/"},"modified":"2021-04-26T16:07:36","modified_gmt":"2021-04-26T14:07:36","slug":"recovery-tajani-interesse-nazionale-non-e-separato-da-quello-europeo","status":"publish","type":"post","link":"https:\/\/www.messinaoggi.it\/website\/2021\/04\/26\/recovery-tajani-interesse-nazionale-non-e-separato-da-quello-europeo\/","title":{"rendered":"Recovery, Tajani \u201cInteresse nazionale non \u00e8 separato da quello europeo\u201d"},"content":{"rendered":"<div>ROMA (ITALPRESS) &#8211; Il Pnrr &#8220;\u00e8 il modo con il quale staremo in Europa nei prossimi anni con una visione nazionale, grazie anche al sostegno economico-finanziario che verr\u00e0 dall&#8217;Europa. Credo che non esista interesse nazionale italiano separato dall&#8217;interesse europeo, quello complessivo. L&#8217;interesse europeo \u00e8 tale in quanto deve riuscire a fare una mediazione tra i diversi interessi nazionali che non sarebbero in grado di affrontare la sfida globale se non fossero parte di un&#8217;unione. La nostra non \u00e8 soltanto un&#8217;unione di interessi ma anche di valori&#8221;. Lo ha detto Antonio Tajani, coordinatore nazionale di Forza Italia. <br \/>&#8220;Il Recovery &#8211; ha spiegato &#8211; \u00e8 la dimostrazione che si pu\u00f2 lavorare insieme ed \u00e8 il primo cambio di passo verso una tutela dell&#8217;interesse nazionale. Rappresenta un p\u00f2 una vittoria di chi dal 2008 in poi chiedeva che non ci fosse solo l&#8217;Europa del rigore&#8221;. Per Tajani &#8220;attraverso il lavoro che stiamo facendo per il piano italiano del Recovery, dobbiamo dar vita a riforme indispensabili per rendere pi\u00f9 credibile il nostro Paese e agevolare la collaborazione con gli altri. Penso alla riforma delle burocrazia, che \u00e8 fondamentale per attrarre investimenti ed essere pi\u00f9 credibili, alla riforma del fisco e della giustizia&#8221;.<br \/>(ITALPRESS).<\/div>\n<div id=\"div-gpt-ad-Messinaoggi.it-DSK-300x250-corpoart\" style=\"text-align:center;margin:0 auto;\"><\/div><\/p><div id=\"videoincontent\" style=\"clear:both\";><\/div>","protected":false},"excerpt":{"rendered":"<p>ROMA (ITALPRESS) &#8211; Il Pnrr &#8220;\u00e8 il modo con il quale staremo in Europa nei prossimi anni con una visione nazionale, grazie anche al sostegno economico-finanziario che verr\u00e0 dall&#8217;Europa. Credo che non esista interesse nazionale italiano separato dall&#8217;interesse europeo, quello complessivo. L&#8217;interesse europeo \u00e8 tale in quanto deve riuscire a fare una mediazione tra i [&hellip;]<\/p>\n","protected":false},"author":18,"featured_media":61342,"comment_status":"closed","ping_status":"closed","sticky":false,"template":"","format":"standard","meta":{"ub_ctt_via":"","_mi_skip_tracking":false},"categories":[446],"tags":[783],"featured_image_src":"https:\/\/www.messinaoggi.it\/website\/wp-content\/uploads\/2021\/04\/20210426_1381.jpg","author_info":{"display_name":"Admin","author_link":"https:\/\/www.messinaoggi.it\/website\/author\/admin\/"},"digistream_id":0,"digistream":false,"_links":{"self":[{"href":"https:\/\/www.messinaoggi.it\/website\/wp-json\/wp\/v2\/posts\/61341"}],"collection":[{"href":"https:\/\/www.messinaoggi.it\/website\/wp-json\/wp\/v2\/posts"}],"about":[{"href":"https:\/\/www.messinaoggi.it\/website\/wp-json\/wp\/v2\/types\/post"}],"author":[{"embeddable":true,"href":"https:\/\/www.messinaoggi.it\/website\/wp-json\/wp\/v2\/users\/18"}],"replies":[{"embeddable":true,"href":"https:\/\/www.messinaoggi.it\/website\/wp-json\/wp\/v2\/comments?post=61341"}],"version-history":[{"count":0,"href":"https:\/\/www.messinaoggi.it\/website\/wp-json\/wp\/v2\/posts\/61341\/revisions"}],"wp:featuredmedia":[{"embeddable":true,"href":"https:\/\/www.messinaoggi.it\/website\/wp-json\/wp\/v2\/media\/61342"}],"wp:attachment":[{"href":"https:\/\/www.messinaoggi.it\/website\/wp-json\/wp\/v2\/media?parent=61341"}],"wp:term":[{"taxonomy":"category","embeddable":true,"href":"https:\/\/www.messinaoggi.it\/website\/wp-json\/wp\/v2\/categories?post=61341"},{"taxonomy":"post_tag","embeddable":true,"href":"https:\/\/www.messinaoggi.it\/website\/wp-json\/wp\/v2\/tags?post=61341"}],"curies":[{"name":"wp","href":"https:\/\/api.w.org\/{rel}","templated":true}]}}