{"id":61339,"date":"2021-04-26T16:07:35","date_gmt":"2021-04-26T14:07:35","guid":{"rendered":"https:\/\/www.messinaoggi.it\/website\/2021\/04\/26\/covid-zaia-in-veneto-due-casi-di-variante-indiana\/"},"modified":"2021-04-26T16:07:35","modified_gmt":"2021-04-26T14:07:35","slug":"covid-zaia-in-veneto-due-casi-di-variante-indiana","status":"publish","type":"post","link":"https:\/\/www.messinaoggi.it\/website\/2021\/04\/26\/covid-zaia-in-veneto-due-casi-di-variante-indiana\/","title":{"rendered":"Covid, Zaia \u201cIn Veneto due casi di variante indiana\u201d"},"content":{"rendered":"<div>VENEZIA (ITALPRESS) &#8211; E&#8217; stata individuata, a Bassano, in Veneto la variante indiana del Coronavirus. Lo ha detto il governatore Luca Zaia nel corso del punto stampa. &#8220;Si tratta &#8211; ha detto &#8211; di due indiani, padre e figlia, con la variante indiana&#8221;.  &#8220;Se arrivano vaccini &#8211; aggiunge &#8211; il mio obiettivo massimo sarebbe riuscire a vaccinare anche tutti gli ultracinquantenni prima dell&#8217;estate, questo potrebbe essere un bel l&#8217;obiettivo&#8221;. &#8220;C&#8217;\u00e8 un plotone delle vaccinazioni, ne abbiamo gi\u00e0 fatte un milione e mezzo, ci\u00f2 vuol dire un terzo dei veneti pi\u00f9 o meno&#8221;. <br \/>(ITALPRESS).<\/div>\n<div id=\"div-gpt-ad-Messinaoggi.it-DSK-300x250-corpoart\" style=\"text-align:center;margin:0 auto;\"><\/div><\/p><div id=\"videoincontent\" style=\"clear:both\";><\/div>","protected":false},"excerpt":{"rendered":"<p>VENEZIA (ITALPRESS) &#8211; E&#8217; stata individuata, a Bassano, in Veneto la variante indiana del Coronavirus. Lo ha detto il governatore Luca Zaia nel corso del punto stampa. &#8220;Si tratta &#8211; ha detto &#8211; di due indiani, padre e figlia, con la variante indiana&#8221;. &#8220;Se arrivano vaccini &#8211; aggiunge &#8211; il mio obiettivo massimo sarebbe riuscire [&hellip;]<\/p>\n","protected":false},"author":18,"featured_media":61340,"comment_status":"closed","ping_status":"closed","sticky":false,"template":"","format":"standard","meta":{"ub_ctt_via":"","_mi_skip_tracking":false},"categories":[446],"tags":[783],"featured_image_src":"https:\/\/www.messinaoggi.it\/website\/wp-content\/uploads\/2021\/04\/20210426_1374.jpg","author_info":{"display_name":"Admin","author_link":"https:\/\/www.messinaoggi.it\/website\/author\/admin\/"},"digistream_id":0,"digistream":false,"_links":{"self":[{"href":"https:\/\/www.messinaoggi.it\/website\/wp-json\/wp\/v2\/posts\/61339"}],"collection":[{"href":"https:\/\/www.messinaoggi.it\/website\/wp-json\/wp\/v2\/posts"}],"about":[{"href":"https:\/\/www.messinaoggi.it\/website\/wp-json\/wp\/v2\/types\/post"}],"author":[{"embeddable":true,"href":"https:\/\/www.messinaoggi.it\/website\/wp-json\/wp\/v2\/users\/18"}],"replies":[{"embeddable":true,"href":"https:\/\/www.messinaoggi.it\/website\/wp-json\/wp\/v2\/comments?post=61339"}],"version-history":[{"count":0,"href":"https:\/\/www.messinaoggi.it\/website\/wp-json\/wp\/v2\/posts\/61339\/revisions"}],"wp:featuredmedia":[{"embeddable":true,"href":"https:\/\/www.messinaoggi.it\/website\/wp-json\/wp\/v2\/media\/61340"}],"wp:attachment":[{"href":"https:\/\/www.messinaoggi.it\/website\/wp-json\/wp\/v2\/media?parent=61339"}],"wp:term":[{"taxonomy":"category","embeddable":true,"href":"https:\/\/www.messinaoggi.it\/website\/wp-json\/wp\/v2\/categories?post=61339"},{"taxonomy":"post_tag","embeddable":true,"href":"https:\/\/www.messinaoggi.it\/website\/wp-json\/wp\/v2\/tags?post=61339"}],"curies":[{"name":"wp","href":"https:\/\/api.w.org\/{rel}","templated":true}]}}