{"id":61337,"date":"2021-04-26T16:07:34","date_gmt":"2021-04-26T14:07:34","guid":{"rendered":"https:\/\/www.messinaoggi.it\/website\/2021\/04\/26\/gravina-chi-aderisce-alla-superlega-e-escluso-dal-campionato\/"},"modified":"2021-04-26T16:07:34","modified_gmt":"2021-04-26T14:07:34","slug":"gravina-chi-aderisce-alla-superlega-e-escluso-dal-campionato","status":"publish","type":"post","link":"https:\/\/www.messinaoggi.it\/website\/2021\/04\/26\/gravina-chi-aderisce-alla-superlega-e-escluso-dal-campionato\/","title":{"rendered":"Gravina \u201cChi aderisce alla Superlega \u00e8 escluso dal campionato\u201d"},"content":{"rendered":"<div>ROMA (ITALPRESS) &#8211; &#8220;Chi ritiene di dover partecipare a una competizione non autorizzata da Figc, Uefa e Fifa, perde l&#8217;affiliazione&#8221;. Lo ha dichiarato il presidente della Figc, Gabriele Gravina, parlando della Superlega dopo il consiglio federale, durante il quale \u00e8 stata approvata la norma che impedisce l&#8217;iscrizione ai campionati nazionali per i club partecipanti a competizioni organizzate da organismi privati non riconosciuti da Fifa e Uefa. &#8220;Al momento non abbiamo notizie di chi \u00e8 rimasto e chi \u00e8 uscito. Questa norma &#8211; ha chiarito il numero 1 della Figc in conferenza stampa post consiglio federale &#8211; si riferisce alle licenze nazionali. E&#8217; evidente che se al 28 giugno, data di scadenza delle domande di iscrizione, qualcuno dovesse voler partecipare a competizioni di natura privatistica, non prender\u00e0 parte al nostro campionato&#8221;. Gravina ha poi aggiunto che &#8220;chi ha interpretato la Superlega come un atto di debolezza da parte di alcune societ\u00e0 che vivono un momento di difficolt\u00e0 economica e insurrezione nel sistema calcio, sbaglia. Sicuramente &#8211; ha concluso &#8211; \u00e8 un tema delicato da approfondire&#8221;.<br \/>(ITALPRESS).<\/div>\n<div id=\"div-gpt-ad-Messinaoggi.it-DSK-300x250-corpoart\" style=\"text-align:center;margin:0 auto;\"><\/div><\/p><div id=\"videoincontent\" style=\"clear:both\";><\/div>","protected":false},"excerpt":{"rendered":"<p>ROMA (ITALPRESS) &#8211; &#8220;Chi ritiene di dover partecipare a una competizione non autorizzata da Figc, Uefa e Fifa, perde l&#8217;affiliazione&#8221;. Lo ha dichiarato il presidente della Figc, Gabriele Gravina, parlando della Superlega dopo il consiglio federale, durante il quale \u00e8 stata approvata la norma che impedisce l&#8217;iscrizione ai campionati nazionali per i club partecipanti a [&hellip;]<\/p>\n","protected":false},"author":18,"featured_media":61338,"comment_status":"closed","ping_status":"closed","sticky":false,"template":"","format":"standard","meta":{"ub_ctt_via":"","_mi_skip_tracking":false},"categories":[446],"tags":[783],"featured_image_src":"https:\/\/www.messinaoggi.it\/website\/wp-content\/uploads\/2021\/04\/20210426_1362.jpg","author_info":{"display_name":"Admin","author_link":"https:\/\/www.messinaoggi.it\/website\/author\/admin\/"},"digistream_id":0,"digistream":false,"_links":{"self":[{"href":"https:\/\/www.messinaoggi.it\/website\/wp-json\/wp\/v2\/posts\/61337"}],"collection":[{"href":"https:\/\/www.messinaoggi.it\/website\/wp-json\/wp\/v2\/posts"}],"about":[{"href":"https:\/\/www.messinaoggi.it\/website\/wp-json\/wp\/v2\/types\/post"}],"author":[{"embeddable":true,"href":"https:\/\/www.messinaoggi.it\/website\/wp-json\/wp\/v2\/users\/18"}],"replies":[{"embeddable":true,"href":"https:\/\/www.messinaoggi.it\/website\/wp-json\/wp\/v2\/comments?post=61337"}],"version-history":[{"count":0,"href":"https:\/\/www.messinaoggi.it\/website\/wp-json\/wp\/v2\/posts\/61337\/revisions"}],"wp:featuredmedia":[{"embeddable":true,"href":"https:\/\/www.messinaoggi.it\/website\/wp-json\/wp\/v2\/media\/61338"}],"wp:attachment":[{"href":"https:\/\/www.messinaoggi.it\/website\/wp-json\/wp\/v2\/media?parent=61337"}],"wp:term":[{"taxonomy":"category","embeddable":true,"href":"https:\/\/www.messinaoggi.it\/website\/wp-json\/wp\/v2\/categories?post=61337"},{"taxonomy":"post_tag","embeddable":true,"href":"https:\/\/www.messinaoggi.it\/website\/wp-json\/wp\/v2\/tags?post=61337"}],"curies":[{"name":"wp","href":"https:\/\/api.w.org\/{rel}","templated":true}]}}