{"id":61290,"date":"2021-04-26T14:07:24","date_gmt":"2021-04-26T12:07:24","guid":{"rendered":"http:\/\/www.messinaoggi.it\/website\/?p=61290"},"modified":"2021-04-26T14:07:25","modified_gmt":"2021-04-26T12:07:25","slug":"coprifuoco-in-estate-galluzzo-la-sicilia-non-ci-sta","status":"publish","type":"post","link":"https:\/\/www.messinaoggi.it\/website\/2021\/04\/26\/coprifuoco-in-estate-galluzzo-la-sicilia-non-ci-sta\/","title":{"rendered":"Coprifuoco in estate, Galluzzo: &#8220;La Sicilia non ci sta&#8221;"},"content":{"rendered":"\n<p><br>Anche nella politica siciliana si fanno sempre pi\u00f9 palpabili i malumori per una possibile proroga del coprifuoco sino a luglio. Al riguardo, il deputato regionale all&#8217;Ars Pino Galluzzo ha scritto al presidente della Regione, Nello Musumeci, chiedendogli di dialogare col governo Draghi per convincerlo a rivedere i suoi piani sul coprifuoco in vista della stagione estiva: &#8220;Ho chiesto al presidente della Regione Siciliana Nello Musumeci di interloquire col Governo nazionale per far cambiare idea sull&#8217;orario che imporr\u00e0 per decreto uno stop totale dalle ore 22.00 alle 5 del mattino fino a met\u00e0 estate&#8221;, spiega Galluzzo. <div id=\"div-gpt-ad-Messinaoggi.it-DSK-300x250-corpoart\" style=\"text-align:center;margin:0 auto;\"><\/div><\/p>\n\n\n\n<p>&#8220;Bisogna rispettare le regole, certo, ma alle dieci di sera in Sicilia si sta pensando ancora a cosa cenare o cosa ordinare da mangiare. Molte aziende, locali e attivit\u00e0 in genere &#8211; chiosa Galluzzo &#8211; sono a conduzione familiare e la possibilit\u00e0 di diventare zona gialla considerando il basso dato sui contagi, permetterebbe alla Sicilia di risollevarsi. \u00c8 un&#8217;ordinanza che non tiene conto delle abitudini dei siciliani e che deve valutare aspetti basati su criteri zonali, stagionali e regionali.<div id=\"videoincontent\" style=\"clear:both\";><\/div><\/p>\n\n\n\n<p>&#8220;Il turismo, le attivit\u00e0 commerciali, la ristorazione, i piccoli imprenditori, le imprese stagionali, e penso nel dirlo a tutta la regione e alle sue isole minori, non possono e non potranno sopportare un blocco orario di questo tipo. \u00c8 una scelta di buon senso&#8221;.<\/p>\n","protected":false},"excerpt":{"rendered":"<p>Anche nella politica siciliana si fanno sempre pi\u00f9 palpabili i malumori per una possibile proroga del coprifuoco sino a luglio. Al riguardo, il deputato regionale all&#8217;Ars Pino Galluzzo ha scritto al presidente della Regione, Nello Musumeci, chiedendogli di dialogare col governo Draghi per convincerlo a rivedere i suoi piani sul coprifuoco in vista della stagione [&hellip;]<\/p>\n","protected":false},"author":8,"featured_media":47647,"comment_status":"open","ping_status":"open","sticky":false,"template":"","format":"standard","meta":{"ub_ctt_via":"","_mi_skip_tracking":false},"categories":[4],"tags":[1491,1334,1267,150],"featured_image_src":"https:\/\/www.messinaoggi.it\/website\/wp-content\/uploads\/2020\/10\/Pino-Galluzzo-foto.jpg","author_info":{"display_name":"red..me","author_link":"https:\/\/www.messinaoggi.it\/website\/author\/redstage\/"},"digistream_id":0,"digistream":false,"_links":{"self":[{"href":"https:\/\/www.messinaoggi.it\/website\/wp-json\/wp\/v2\/posts\/61290"}],"collection":[{"href":"https:\/\/www.messinaoggi.it\/website\/wp-json\/wp\/v2\/posts"}],"about":[{"href":"https:\/\/www.messinaoggi.it\/website\/wp-json\/wp\/v2\/types\/post"}],"author":[{"embeddable":true,"href":"https:\/\/www.messinaoggi.it\/website\/wp-json\/wp\/v2\/users\/8"}],"replies":[{"embeddable":true,"href":"https:\/\/www.messinaoggi.it\/website\/wp-json\/wp\/v2\/comments?post=61290"}],"version-history":[{"count":1,"href":"https:\/\/www.messinaoggi.it\/website\/wp-json\/wp\/v2\/posts\/61290\/revisions"}],"predecessor-version":[{"id":61291,"href":"https:\/\/www.messinaoggi.it\/website\/wp-json\/wp\/v2\/posts\/61290\/revisions\/61291"}],"wp:featuredmedia":[{"embeddable":true,"href":"https:\/\/www.messinaoggi.it\/website\/wp-json\/wp\/v2\/media\/47647"}],"wp:attachment":[{"href":"https:\/\/www.messinaoggi.it\/website\/wp-json\/wp\/v2\/media?parent=61290"}],"wp:term":[{"taxonomy":"category","embeddable":true,"href":"https:\/\/www.messinaoggi.it\/website\/wp-json\/wp\/v2\/categories?post=61290"},{"taxonomy":"post_tag","embeddable":true,"href":"https:\/\/www.messinaoggi.it\/website\/wp-json\/wp\/v2\/tags?post=61290"}],"curies":[{"name":"wp","href":"https:\/\/api.w.org\/{rel}","templated":true}]}}