{"id":61288,"date":"2021-04-26T13:07:46","date_gmt":"2021-04-26T11:07:46","guid":{"rendered":"https:\/\/www.messinaoggi.it\/website\/2021\/04\/26\/di-maio-governo-si-confermi-compatto-nel-sostegno-al-recovery-plan\/"},"modified":"2021-04-26T13:07:46","modified_gmt":"2021-04-26T11:07:46","slug":"di-maio-governo-si-confermi-compatto-nel-sostegno-al-recovery-plan","status":"publish","type":"post","link":"https:\/\/www.messinaoggi.it\/website\/2021\/04\/26\/di-maio-governo-si-confermi-compatto-nel-sostegno-al-recovery-plan\/","title":{"rendered":"Di Maio \u201cGoverno si confermi compatto nel sostegno al Recovery Plan\u201d"},"content":{"rendered":"<div>ROMA (ITALPRESS) &#8211; &#8220;Tutti insieme come forze politiche e come cittadini italiani dobbiamo essere compatti nel sostenere il Piano nazionale di ripresa e resilienza che il premier Mario Draghi presenta oggi in Parlamento&#8221;. Lo ha detto il ministro degli Esteri Luigi Di Maio, oggi in visita a Dubai.<br \/>&#8220;L&#8217;approvazione in Consiglio dei Ministri \u00e8 stato un grande segno di unit\u00e0 di questo governo che \u00e8 nato per affrontare una crisi pandemica ed economica senza precedenti &#8211; ha aggiunto -, e lo stiamo facendo con determinazione, con compattezza e con l&#8217;obiettivo di migliorare la qualit\u00e0 della vita degli italiani dopo una pandemia che ha devastato la vita di molti e ha creato anche problemi alle imprese&#8221;. &#8220;Se investiamo in digitale e ambiente nei prossimi anni avremo pi\u00f9 posti di lavoro&#8221;, ha spiegato il ministro.<br \/>(ITALPRESS).<\/div>\n<div id=\"div-gpt-ad-Messinaoggi.it-DSK-300x250-corpoart\" style=\"text-align:center;margin:0 auto;\"><\/div><\/p><div id=\"videoincontent\" style=\"clear:both\";><\/div>","protected":false},"excerpt":{"rendered":"<p>ROMA (ITALPRESS) &#8211; &#8220;Tutti insieme come forze politiche e come cittadini italiani dobbiamo essere compatti nel sostenere il Piano nazionale di ripresa e resilienza che il premier Mario Draghi presenta oggi in Parlamento&#8221;. Lo ha detto il ministro degli Esteri Luigi Di Maio, oggi in visita a Dubai.&#8220;L&#8217;approvazione in Consiglio dei Ministri \u00e8 stato un [&hellip;]<\/p>\n","protected":false},"author":18,"featured_media":61289,"comment_status":"closed","ping_status":"closed","sticky":false,"template":"","format":"standard","meta":{"ub_ctt_via":"","_mi_skip_tracking":false},"categories":[446],"tags":[783],"featured_image_src":"https:\/\/www.messinaoggi.it\/website\/wp-content\/uploads\/2021\/04\/20210426_0700.jpg","author_info":{"display_name":"Admin","author_link":"https:\/\/www.messinaoggi.it\/website\/author\/admin\/"},"digistream_id":0,"digistream":false,"_links":{"self":[{"href":"https:\/\/www.messinaoggi.it\/website\/wp-json\/wp\/v2\/posts\/61288"}],"collection":[{"href":"https:\/\/www.messinaoggi.it\/website\/wp-json\/wp\/v2\/posts"}],"about":[{"href":"https:\/\/www.messinaoggi.it\/website\/wp-json\/wp\/v2\/types\/post"}],"author":[{"embeddable":true,"href":"https:\/\/www.messinaoggi.it\/website\/wp-json\/wp\/v2\/users\/18"}],"replies":[{"embeddable":true,"href":"https:\/\/www.messinaoggi.it\/website\/wp-json\/wp\/v2\/comments?post=61288"}],"version-history":[{"count":0,"href":"https:\/\/www.messinaoggi.it\/website\/wp-json\/wp\/v2\/posts\/61288\/revisions"}],"wp:featuredmedia":[{"embeddable":true,"href":"https:\/\/www.messinaoggi.it\/website\/wp-json\/wp\/v2\/media\/61289"}],"wp:attachment":[{"href":"https:\/\/www.messinaoggi.it\/website\/wp-json\/wp\/v2\/media?parent=61288"}],"wp:term":[{"taxonomy":"category","embeddable":true,"href":"https:\/\/www.messinaoggi.it\/website\/wp-json\/wp\/v2\/categories?post=61288"},{"taxonomy":"post_tag","embeddable":true,"href":"https:\/\/www.messinaoggi.it\/website\/wp-json\/wp\/v2\/tags?post=61288"}],"curies":[{"name":"wp","href":"https:\/\/api.w.org\/{rel}","templated":true}]}}