{"id":61284,"date":"2021-04-26T12:07:34","date_gmt":"2021-04-26T10:07:34","guid":{"rendered":"https:\/\/www.messinaoggi.it\/website\/2021\/04\/26\/ue-gentiloni-pil-in-calo-nel-primo-trimestre-ma-2021-sara-in-crescita\/"},"modified":"2021-04-26T12:07:34","modified_gmt":"2021-04-26T10:07:34","slug":"ue-gentiloni-pil-in-calo-nel-primo-trimestre-ma-2021-sara-in-crescita","status":"publish","type":"post","link":"https:\/\/www.messinaoggi.it\/website\/2021\/04\/26\/ue-gentiloni-pil-in-calo-nel-primo-trimestre-ma-2021-sara-in-crescita\/","title":{"rendered":"Ue, Gentiloni \u201cPil in calo nel primo trimestre ma 2021 sar\u00e0 in crescita\u201d"},"content":{"rendered":"<div>MILANO (ITALPRESS) &#8211; &#8220;Oggi \u00e8 una giornata particolare, perch\u00e8 segna in Italia e in Belgio, una riapertura che va gestita con responsabilit\u00e0 e prudenza. E&#8217; un segnale positivo dopo i ritardi iniziali. Avremo dosi sufficienti di vaccini. Penso sia stato importante avere un procurement comune europeo, altrimenti avremmo avuto una guerra tra i Paesi, con ottime notizie per il mercato nero, e pessime per i cittadini&#8221;. Cos\u00ec il commissario europeo, Paolo Gentiloni, intervenendo a Milano Capitali. &#8220;Non siamo ancora fuori dalla pandemia, l&#8217;economia anche nel primo trimestre ha conservato un leggerissimo segno negativo e credo Eurostat lo certificher\u00e0&#8221;, aggiunge.<br \/>&#8220;Tutti gli indicatori per\u00f2 ci dicono che ci sia un prevalente ottimismo, per andare verso una crescita importante nella seconda parte dell&#8217;anno. Noi faremo le nostre previsioni tra qualche settimana, e credo che una crescita molto forte sia realistica. Noi stimiamo il 3,8% per il 2021, il Fmi parla del 4,4%&#8221;, conclude.<br \/>(ITALPRESS).<\/div>\n<div id=\"div-gpt-ad-Messinaoggi.it-DSK-300x250-corpoart\" style=\"text-align:center;margin:0 auto;\"><\/div><\/p><div id=\"videoincontent\" style=\"clear:both\";><\/div>","protected":false},"excerpt":{"rendered":"<p>MILANO (ITALPRESS) &#8211; &#8220;Oggi \u00e8 una giornata particolare, perch\u00e8 segna in Italia e in Belgio, una riapertura che va gestita con responsabilit\u00e0 e prudenza. E&#8217; un segnale positivo dopo i ritardi iniziali. Avremo dosi sufficienti di vaccini. Penso sia stato importante avere un procurement comune europeo, altrimenti avremmo avuto una guerra tra i Paesi, con [&hellip;]<\/p>\n","protected":false},"author":18,"featured_media":61285,"comment_status":"closed","ping_status":"closed","sticky":false,"template":"","format":"standard","meta":{"ub_ctt_via":"","_mi_skip_tracking":false},"categories":[446],"tags":[783],"featured_image_src":"https:\/\/www.messinaoggi.it\/website\/wp-content\/uploads\/2021\/04\/20210426_0488.jpg","author_info":{"display_name":"Admin","author_link":"https:\/\/www.messinaoggi.it\/website\/author\/admin\/"},"digistream_id":0,"digistream":false,"_links":{"self":[{"href":"https:\/\/www.messinaoggi.it\/website\/wp-json\/wp\/v2\/posts\/61284"}],"collection":[{"href":"https:\/\/www.messinaoggi.it\/website\/wp-json\/wp\/v2\/posts"}],"about":[{"href":"https:\/\/www.messinaoggi.it\/website\/wp-json\/wp\/v2\/types\/post"}],"author":[{"embeddable":true,"href":"https:\/\/www.messinaoggi.it\/website\/wp-json\/wp\/v2\/users\/18"}],"replies":[{"embeddable":true,"href":"https:\/\/www.messinaoggi.it\/website\/wp-json\/wp\/v2\/comments?post=61284"}],"version-history":[{"count":0,"href":"https:\/\/www.messinaoggi.it\/website\/wp-json\/wp\/v2\/posts\/61284\/revisions"}],"wp:featuredmedia":[{"embeddable":true,"href":"https:\/\/www.messinaoggi.it\/website\/wp-json\/wp\/v2\/media\/61285"}],"wp:attachment":[{"href":"https:\/\/www.messinaoggi.it\/website\/wp-json\/wp\/v2\/media?parent=61284"}],"wp:term":[{"taxonomy":"category","embeddable":true,"href":"https:\/\/www.messinaoggi.it\/website\/wp-json\/wp\/v2\/categories?post=61284"},{"taxonomy":"post_tag","embeddable":true,"href":"https:\/\/www.messinaoggi.it\/website\/wp-json\/wp\/v2\/tags?post=61284"}],"curies":[{"name":"wp","href":"https:\/\/api.w.org\/{rel}","templated":true}]}}