{"id":61274,"date":"2021-04-26T11:46:03","date_gmt":"2021-04-26T09:46:03","guid":{"rendered":"http:\/\/www.messinaoggi.it\/website\/?p=61274"},"modified":"2021-04-26T11:46:24","modified_gmt":"2021-04-26T09:46:24","slug":"fondazione-airc-anche-questanno-lazalea-della-ricerca-sul-cancro-sboccera-online","status":"publish","type":"post","link":"https:\/\/www.messinaoggi.it\/website\/2021\/04\/26\/fondazione-airc-anche-questanno-lazalea-della-ricerca-sul-cancro-sboccera-online\/","title":{"rendered":"Fondazione AIRC, anche quest\u2019anno l\u2019Azalea della ricerca sul cancro sboccer\u00e0 online"},"content":{"rendered":"\n<p>Torna la Festa della Mamma e torna l\u2019Azalea della Ricerca di Fondazione AIRC. Sebbene quest\u2019anno, compatibilmente con le indicazioni delle autorit\u00e0 sanitarie e di governo anche locale, i volontari di Fondazione Airc possano tornare nelle piazze in occasione della Festa della Mamma (domenica 9 maggio) per distribuire fisicamente l\u2019Azalea della Ricerca, la delegazione di Messina a tutela delle centinaia di sostenitori ha optato per la formula gi\u00e0 sperimentata con successo nel 2020, per la quale la pianta si potr\u00e0 ricevere direttamente a casa ordinandola online tramite la piattaforma Amazon.it (qui il link: <a href=\"https:\/\/amzn.to\/3mUqdQt\">https:\/\/amzn.to\/3mUqdQt<\/a>)<div id=\"div-gpt-ad-Messinaoggi.it-DSK-300x250-corpoart\" style=\"text-align:center;margin:0 auto;\"><\/div><\/p>\n\n\n\n<p>Dal 1985, anno della prima edizione, l&#8217;Azalea della Ricerca \u00e8 un momento di grande partecipazione collettiva, il cui successo \u00e8 dovuto alla generosit\u00e0 dei cittadini e alla disponibilit\u00e0 degli oltre 20.000 volontari che hanno fin qui permesso una distribuzione capillare delle Azalee su tutto il territorio nazionale.<div id=\"videoincontent\" style=\"clear:both\";><\/div><\/p>\n\n\n\n<p>\u201cSono migliaia e migliaia di piccoli gesti di solidariet\u00e0 e di condivisione &#8211; dice Olga Mondello Franza, presidente di Caronte &amp; Tourist S.p.a. nonch\u00e9 Consigliere Nazionale e Regionale di Fondazione Airc &#8211; che da oltre trent\u2019anni danno linfa vitale alla ricerca e che passo dopo passo, anno dopo anno, spingono i tumori femminili verso l\u2019angolo, sempre meno temibili, sempre pi\u00f9 curabili, contribuendo pi\u00f9 in generale alla lotta contro questo nemico infido ma sempre meno terribile\u201d.<\/p>\n\n\n\n<p>Non parliamo di una semplice pianta a fioritura stagionale &#8211; insomma &#8211; ma di un gesto forte e nobile d\u2019amore e di solidariet\u00e0 poich\u00e9 grazie all\u2019acquisto di una Azalea della Ricerca, ognuno avr\u00e0 aiutato il mondo scientifico, contribuendo alla difficile ma non impossibile lotta contro il cancro.<\/p>\n","protected":false},"excerpt":{"rendered":"<p>Torna la Festa della Mamma e torna l\u2019Azalea della Ricerca di Fondazione AIRC. Sebbene quest\u2019anno, compatibilmente con le indicazioni delle autorit\u00e0 sanitarie e di governo anche locale, i volontari di Fondazione Airc possano tornare nelle piazze in occasione della Festa della Mamma (domenica 9 maggio) per distribuire fisicamente l\u2019Azalea della Ricerca, la delegazione di Messina [&hellip;]<\/p>\n","protected":false},"author":8,"featured_media":61279,"comment_status":"open","ping_status":"open","sticky":false,"template":"","format":"standard","meta":{"ub_ctt_via":"","_mi_skip_tracking":false},"categories":[5],"tags":[1489,1488,1490,1487],"featured_image_src":"https:\/\/www.messinaoggi.it\/website\/wp-content\/uploads\/2021\/04\/azalea-airc.jpg","author_info":{"display_name":"red..me","author_link":"https:\/\/www.messinaoggi.it\/website\/author\/redstage\/"},"digistream_id":0,"digistream":false,"_links":{"self":[{"href":"https:\/\/www.messinaoggi.it\/website\/wp-json\/wp\/v2\/posts\/61274"}],"collection":[{"href":"https:\/\/www.messinaoggi.it\/website\/wp-json\/wp\/v2\/posts"}],"about":[{"href":"https:\/\/www.messinaoggi.it\/website\/wp-json\/wp\/v2\/types\/post"}],"author":[{"embeddable":true,"href":"https:\/\/www.messinaoggi.it\/website\/wp-json\/wp\/v2\/users\/8"}],"replies":[{"embeddable":true,"href":"https:\/\/www.messinaoggi.it\/website\/wp-json\/wp\/v2\/comments?post=61274"}],"version-history":[{"count":2,"href":"https:\/\/www.messinaoggi.it\/website\/wp-json\/wp\/v2\/posts\/61274\/revisions"}],"predecessor-version":[{"id":61281,"href":"https:\/\/www.messinaoggi.it\/website\/wp-json\/wp\/v2\/posts\/61274\/revisions\/61281"}],"wp:featuredmedia":[{"embeddable":true,"href":"https:\/\/www.messinaoggi.it\/website\/wp-json\/wp\/v2\/media\/61279"}],"wp:attachment":[{"href":"https:\/\/www.messinaoggi.it\/website\/wp-json\/wp\/v2\/media?parent=61274"}],"wp:term":[{"taxonomy":"category","embeddable":true,"href":"https:\/\/www.messinaoggi.it\/website\/wp-json\/wp\/v2\/categories?post=61274"},{"taxonomy":"post_tag","embeddable":true,"href":"https:\/\/www.messinaoggi.it\/website\/wp-json\/wp\/v2\/tags?post=61274"}],"curies":[{"name":"wp","href":"https:\/\/api.w.org\/{rel}","templated":true}]}}