{"id":61191,"date":"2021-04-25T17:07:34","date_gmt":"2021-04-25T15:07:34","guid":{"rendered":"https:\/\/www.messinaoggi.it\/website\/2021\/04\/25\/farmacisti-andrea-mandelli-confermato-alla-guida-della-federazione\/"},"modified":"2021-04-25T17:07:34","modified_gmt":"2021-04-25T15:07:34","slug":"farmacisti-andrea-mandelli-confermato-alla-guida-della-federazione","status":"publish","type":"post","link":"https:\/\/www.messinaoggi.it\/website\/2021\/04\/25\/farmacisti-andrea-mandelli-confermato-alla-guida-della-federazione\/","title":{"rendered":"Farmacisti, Andrea Mandelli confermato alla guida della Federazione"},"content":{"rendered":"<div>ROMA (ITALPRESS) &#8211; Nelle giornate del 23, 24 e 25 aprile si sono svolte le elezioni per il rinnovo del Comitato centrale e del Collegio dei Revisori dei conti della Federazione degli Ordini dei Farmacisti Italiani. Dopo la proclamazione dei risultati, il Comitato Centrale si \u00e8 riunito per l&#8217;elezione del Consiglio di Presidenza. Andrea Mandelli \u00e8 stato confermato alla Presidenza, Luigi D&#8217;Ambrosio Lettieri \u00e8 stato confermato alla carica di Vicepresidente,  Maurizio Pace a quella di Segretario e Mario Giaccone a quella di Tesoriere. Il Comitato Centrale \u00e8 ora composto  da Andrea Carmagnini, Vitaliano Corapi, Florindo Cracco, Luciano Diomedi, Maximin Liebl, Paolo Manfredi, Maurizio Manna, Roberto Pennacchio, Gianfranco Picciau, Francesco Rastrelli, Giovanni Zorgno. Il Collegio dei Revisori dei conti \u00e8 costituito da Andrea Giacomelli, Giuseppe Guaglianone, Sigismondo Rizzo. Alle elezioni ha partecipato il 96% degli aventi diritto e la lista del Presidente Mandelli ha raccolto il 90% dei suffragi. Questo risultato premia la linea politica professionale, perseguita in questi anni dalla Federazione, a sostegno della sanit\u00e0 pubblica, delle istituzioni e a beneficio dei cittadini.<br \/> Il Comitato  Centrale, nella sua prima riunione, ha deliberato di avvalersi del lavoro delle seguenti commissioni: Pari opportunit\u00e0 , coordinata da Daniela Musolino, Presidente dell&#8217;Ordine di Reggio Calabria; Medicina di genere, coordinata da Anna Olivetti, Presidente dell&#8217;Ordine di Gorizia; Volontariato e Solidariet\u00e0, coordinata da Enrica Bianchi, Presidente dell&#8217;Ordine di Cuneo.<br \/>(ITALPRESS).<\/div>\n<div id=\"div-gpt-ad-Messinaoggi.it-DSK-300x250-corpoart\" style=\"text-align:center;margin:0 auto;\"><\/div><\/p><div id=\"videoincontent\" style=\"clear:both\";><\/div>","protected":false},"excerpt":{"rendered":"<p>ROMA (ITALPRESS) &#8211; Nelle giornate del 23, 24 e 25 aprile si sono svolte le elezioni per il rinnovo del Comitato centrale e del Collegio dei Revisori dei conti della Federazione degli Ordini dei Farmacisti Italiani. Dopo la proclamazione dei risultati, il Comitato Centrale si \u00e8 riunito per l&#8217;elezione del Consiglio di Presidenza. Andrea Mandelli [&hellip;]<\/p>\n","protected":false},"author":18,"featured_media":61192,"comment_status":"closed","ping_status":"closed","sticky":false,"template":"","format":"standard","meta":{"ub_ctt_via":"","_mi_skip_tracking":false},"categories":[446],"tags":[783],"featured_image_src":"https:\/\/www.messinaoggi.it\/website\/wp-content\/uploads\/2021\/04\/20210425_1225.jpg","author_info":{"display_name":"Admin","author_link":"https:\/\/www.messinaoggi.it\/website\/author\/admin\/"},"digistream_id":0,"digistream":false,"_links":{"self":[{"href":"https:\/\/www.messinaoggi.it\/website\/wp-json\/wp\/v2\/posts\/61191"}],"collection":[{"href":"https:\/\/www.messinaoggi.it\/website\/wp-json\/wp\/v2\/posts"}],"about":[{"href":"https:\/\/www.messinaoggi.it\/website\/wp-json\/wp\/v2\/types\/post"}],"author":[{"embeddable":true,"href":"https:\/\/www.messinaoggi.it\/website\/wp-json\/wp\/v2\/users\/18"}],"replies":[{"embeddable":true,"href":"https:\/\/www.messinaoggi.it\/website\/wp-json\/wp\/v2\/comments?post=61191"}],"version-history":[{"count":0,"href":"https:\/\/www.messinaoggi.it\/website\/wp-json\/wp\/v2\/posts\/61191\/revisions"}],"wp:featuredmedia":[{"embeddable":true,"href":"https:\/\/www.messinaoggi.it\/website\/wp-json\/wp\/v2\/media\/61192"}],"wp:attachment":[{"href":"https:\/\/www.messinaoggi.it\/website\/wp-json\/wp\/v2\/media?parent=61191"}],"wp:term":[{"taxonomy":"category","embeddable":true,"href":"https:\/\/www.messinaoggi.it\/website\/wp-json\/wp\/v2\/categories?post=61191"},{"taxonomy":"post_tag","embeddable":true,"href":"https:\/\/www.messinaoggi.it\/website\/wp-json\/wp\/v2\/tags?post=61191"}],"curies":[{"name":"wp","href":"https:\/\/api.w.org\/{rel}","templated":true}]}}