{"id":61096,"date":"2021-04-24T16:07:34","date_gmt":"2021-04-24T14:07:34","guid":{"rendered":"https:\/\/www.messinaoggi.it\/website\/2021\/04\/24\/beninati-badminton-azzurro-spera-in-caponio-per-le-olimpiadi\/"},"modified":"2021-04-24T16:07:34","modified_gmt":"2021-04-24T14:07:34","slug":"beninati-badminton-azzurro-spera-in-caponio-per-le-olimpiadi","status":"publish","type":"post","link":"https:\/\/www.messinaoggi.it\/website\/2021\/04\/24\/beninati-badminton-azzurro-spera-in-caponio-per-le-olimpiadi\/","title":{"rendered":"Beninati \u201cBadminton azzurro spera in Caponio per le Olimpiadi\u201d"},"content":{"rendered":"<div>ROMA (ITALPRESS) &#8211; &#8220;Il nostro movimento sportivo ha subito l&#8217;influenza della pandemia, soprattutto nei mesi di marzo-aprile del 2020. A maggio abbiamo ripreso con le attivit\u00e0 di alto livello grazie alla possibilit\u00e0 di riaprire il centro federale e da allora abbiamo seguito un p\u00f2 l&#8217;escalation della disponibilit\u00e0 di fare attivit\u00e0 di un certo livello&#8221;. Il presidente della Federazione Italiana Badminton, Carlo Beninati, ripercorre i momenti pi\u00f9 difficili legati ad una pandemia di Covid-19 non ancora superata. &#8220;Purtroppo &#8211; spiega Beninati nel corso di un forum nella sede romana dell&#8217;Italpress &#8211; l&#8217;attivit\u00e0 di base \u00e8 rimasta bloccata: non ci \u00e8 stato consentito di riprendere con l&#8217;attivit\u00e0 regionale e provinciale e in questo momento siamo speranzosi che, alla luce degli ultimi decreti, questa possa ricominciare. Le nostre associazioni sportive hanno sofferto tanto anche per la indisponibilit\u00e0 delle strutture in cui operano, per la maggior parte palestre scolastiche. Sappiamo che le scuole sono rimaste chiuse per tantissime tempo&#8221;. Nel frattempo, le Olimpiadi di Tokyo sono alle porte ed il badminton azzurro non ha perso la speranza di imbarcare per il Giappone un suo rappresentante: &#8220;Abbiamo ancora una chance, si chiama Fabio Caponio &#8211; avverte il dirigente palermitano &#8211; Non abbiamo tantissime probabilit\u00e0 di qualificazione per\u00f2 ancora ci crediamo. Fabio \u00e8 nelle riserve e, anche in base a quelli che saranno i piazzamenti negli ultimi tornei ai quali parteciper\u00e0, possiamo solo incrociare le dita e cercare di far s\u00ec che, col nostro aiuto ma principalmente con la sua volont\u00e0, possa raggiungere quei risultati che gli permettano di inserirsi nel novero dei qualificati. E&#8217; difficile ma ci proveremo sino all&#8217;ultimo&#8221;.<br \/>(ITALPRESS).<\/div>\n<div id=\"div-gpt-ad-Messinaoggi.it-DSK-300x250-corpoart\" style=\"text-align:center;margin:0 auto;\"><\/div><\/p><div id=\"videoincontent\" style=\"clear:both\";><\/div>","protected":false},"excerpt":{"rendered":"<p>ROMA (ITALPRESS) &#8211; &#8220;Il nostro movimento sportivo ha subito l&#8217;influenza della pandemia, soprattutto nei mesi di marzo-aprile del 2020. A maggio abbiamo ripreso con le attivit\u00e0 di alto livello grazie alla possibilit\u00e0 di riaprire il centro federale e da allora abbiamo seguito un p\u00f2 l&#8217;escalation della disponibilit\u00e0 di fare attivit\u00e0 di un certo livello&#8221;. Il [&hellip;]<\/p>\n","protected":false},"author":18,"featured_media":61097,"comment_status":"closed","ping_status":"closed","sticky":false,"template":"","format":"standard","meta":{"ub_ctt_via":"","_mi_skip_tracking":false},"categories":[446],"tags":[783],"featured_image_src":"https:\/\/www.messinaoggi.it\/website\/wp-content\/uploads\/2021\/04\/20210424_1239.jpg","author_info":{"display_name":"Admin","author_link":"https:\/\/www.messinaoggi.it\/website\/author\/admin\/"},"digistream_id":0,"digistream":false,"_links":{"self":[{"href":"https:\/\/www.messinaoggi.it\/website\/wp-json\/wp\/v2\/posts\/61096"}],"collection":[{"href":"https:\/\/www.messinaoggi.it\/website\/wp-json\/wp\/v2\/posts"}],"about":[{"href":"https:\/\/www.messinaoggi.it\/website\/wp-json\/wp\/v2\/types\/post"}],"author":[{"embeddable":true,"href":"https:\/\/www.messinaoggi.it\/website\/wp-json\/wp\/v2\/users\/18"}],"replies":[{"embeddable":true,"href":"https:\/\/www.messinaoggi.it\/website\/wp-json\/wp\/v2\/comments?post=61096"}],"version-history":[{"count":0,"href":"https:\/\/www.messinaoggi.it\/website\/wp-json\/wp\/v2\/posts\/61096\/revisions"}],"wp:featuredmedia":[{"embeddable":true,"href":"https:\/\/www.messinaoggi.it\/website\/wp-json\/wp\/v2\/media\/61097"}],"wp:attachment":[{"href":"https:\/\/www.messinaoggi.it\/website\/wp-json\/wp\/v2\/media?parent=61096"}],"wp:term":[{"taxonomy":"category","embeddable":true,"href":"https:\/\/www.messinaoggi.it\/website\/wp-json\/wp\/v2\/categories?post=61096"},{"taxonomy":"post_tag","embeddable":true,"href":"https:\/\/www.messinaoggi.it\/website\/wp-json\/wp\/v2\/tags?post=61096"}],"curies":[{"name":"wp","href":"https:\/\/api.w.org\/{rel}","templated":true}]}}