{"id":61094,"date":"2021-04-24T16:07:33","date_gmt":"2021-04-24T14:07:33","guid":{"rendered":"https:\/\/www.messinaoggi.it\/website\/2021\/04\/24\/conte-futuro-non-abbiamo-ancora-vinto-pensiamo-al-presente\/"},"modified":"2021-04-24T16:07:33","modified_gmt":"2021-04-24T14:07:33","slug":"conte-futuro-non-abbiamo-ancora-vinto-pensiamo-al-presente","status":"publish","type":"post","link":"https:\/\/www.messinaoggi.it\/website\/2021\/04\/24\/conte-futuro-non-abbiamo-ancora-vinto-pensiamo-al-presente\/","title":{"rendered":"Conte \u201cFuturo? Non abbiamo ancora vinto, pensiamo al presente\u201d"},"content":{"rendered":"<div>MILANO (ITALPRESS) &#8211; &#8220;In questo momento c&#8217;\u00e8 poco da dire ai<br \/>ragazzi, abbiamo fatto un percorso straordinario al di sopra di<br \/>qualsiasi aspettativa, sanno che manca l&#8217;ultimo step per<br \/>raggiungere qualcosa di inimmaginabile in due anni, ma vedo il<br \/>gruppo tranquillo&#8221;. Alla vigilia della sfida contro il Verona, Antonio Conte si \u00e8 mostrato chiaro, deciso e concentrato a raggiungere il prima possibile l&#8217;obiettivo scudetto. &#8220;Abbiamo il focus giusto, siamo concentrati e determinati. Il Verona \u00e8 una squadra tosta e dovremo fare attenzione. Ci aspetta una gara dura e tosta contro una squadra che sta facendo benissimo. E&#8217; incappata in una serie di risultati negativi ma non meritava gli ultimi risultati ed \u00e8 allenata da un bravissimo allenatore che fa le fortune dei club dove va perch\u00e8 porta al miglioramento dei calciatori. Non posso far altro che parlare bene di Juric. Il suo lavoro \u00e8 sotto gli occhi di tutti&#8221;. Una stagione complicata sotto diversi punti di vista per i nerazzurri, ma Conte preferisce attendere prima di tracciare bilanci: &#8220;E&#8217; inutile sottolineare sempre alcune cose, si sa benissimo che tipo di stagione stiamo affrontando. Dobbiamo restare concentrati e cercare di finire la stagione riportando l&#8217;Inter a vincere e fare qualcosa di straordinario &#8211; ha detto Conte -. Abbiamo dato dimostrazione di seriet\u00e0, i ragazzi si sono comportati nella giusta maniera. Non dobbiamo fare tabelle, dobbiamo pensare solo a noi stessi. Ho mandato questo messaggio ai ragazzi dopo che abbiamo scavalcato il Milan. Siamo padroni del nostro destino&#8221;. Infine, sul futuro l&#8217;allenatore dell&#8217;Inter preferisce non sbilanciarsi: &#8220;Siamo concentrati sul presente. Ci stiamo giocando il lavoro di due anni. Ripeto, guardo sempre il presente, non posso parlare perch\u00e8 sarebbe da stupidi e presuntuosi, per adesso non abbiamo conquistato nulla, siamo su una strada importante. Parler\u00f2 nel momento in cui avremo vinto &#8211; ha concluso Conte &#8211; Sono concentrato sull&#8217;obiettivo&#8221;. <br \/>(ITALPRESS).<\/div>\n<div id=\"div-gpt-ad-Messinaoggi.it-DSK-300x250-corpoart\" style=\"text-align:center;margin:0 auto;\"><\/div><\/p><div id=\"videoincontent\" style=\"clear:both\";><\/div>","protected":false},"excerpt":{"rendered":"<p>MILANO (ITALPRESS) &#8211; &#8220;In questo momento c&#8217;\u00e8 poco da dire airagazzi, abbiamo fatto un percorso straordinario al di sopra diqualsiasi aspettativa, sanno che manca l&#8217;ultimo step perraggiungere qualcosa di inimmaginabile in due anni, ma vedo ilgruppo tranquillo&#8221;. Alla vigilia della sfida contro il Verona, Antonio Conte si \u00e8 mostrato chiaro, deciso e concentrato a raggiungere [&hellip;]<\/p>\n","protected":false},"author":18,"featured_media":61095,"comment_status":"closed","ping_status":"closed","sticky":false,"template":"","format":"standard","meta":{"ub_ctt_via":"","_mi_skip_tracking":false},"categories":[446],"tags":[783],"featured_image_src":"https:\/\/www.messinaoggi.it\/website\/wp-content\/uploads\/2021\/04\/20210424_1199.jpg","author_info":{"display_name":"Admin","author_link":"https:\/\/www.messinaoggi.it\/website\/author\/admin\/"},"digistream_id":0,"digistream":false,"_links":{"self":[{"href":"https:\/\/www.messinaoggi.it\/website\/wp-json\/wp\/v2\/posts\/61094"}],"collection":[{"href":"https:\/\/www.messinaoggi.it\/website\/wp-json\/wp\/v2\/posts"}],"about":[{"href":"https:\/\/www.messinaoggi.it\/website\/wp-json\/wp\/v2\/types\/post"}],"author":[{"embeddable":true,"href":"https:\/\/www.messinaoggi.it\/website\/wp-json\/wp\/v2\/users\/18"}],"replies":[{"embeddable":true,"href":"https:\/\/www.messinaoggi.it\/website\/wp-json\/wp\/v2\/comments?post=61094"}],"version-history":[{"count":0,"href":"https:\/\/www.messinaoggi.it\/website\/wp-json\/wp\/v2\/posts\/61094\/revisions"}],"wp:featuredmedia":[{"embeddable":true,"href":"https:\/\/www.messinaoggi.it\/website\/wp-json\/wp\/v2\/media\/61095"}],"wp:attachment":[{"href":"https:\/\/www.messinaoggi.it\/website\/wp-json\/wp\/v2\/media?parent=61094"}],"wp:term":[{"taxonomy":"category","embeddable":true,"href":"https:\/\/www.messinaoggi.it\/website\/wp-json\/wp\/v2\/categories?post=61094"},{"taxonomy":"post_tag","embeddable":true,"href":"https:\/\/www.messinaoggi.it\/website\/wp-json\/wp\/v2\/tags?post=61094"}],"curies":[{"name":"wp","href":"https:\/\/api.w.org\/{rel}","templated":true}]}}