{"id":61085,"date":"2021-04-24T15:07:32","date_gmt":"2021-04-24T13:07:32","guid":{"rendered":"https:\/\/www.messinaoggi.it\/website\/2021\/04\/24\/ue-sassoli-nessuno-puo-farcela-da-solo-ora-servono-grandi-riforme\/"},"modified":"2021-04-24T15:07:32","modified_gmt":"2021-04-24T13:07:32","slug":"ue-sassoli-nessuno-puo-farcela-da-solo-ora-servono-grandi-riforme","status":"publish","type":"post","link":"https:\/\/www.messinaoggi.it\/website\/2021\/04\/24\/ue-sassoli-nessuno-puo-farcela-da-solo-ora-servono-grandi-riforme\/","title":{"rendered":"Ue, Sassoli \u201cNessuno pu\u00f2 farcela da solo, ora servono grandi riforme\u201d"},"content":{"rendered":"<div>ROMA (ITALPRESS) &#8211; &#8220;Da pi\u00f9 di un anno facciamo i conti con un nemico invisibile. Il Covid-19 ha avuto ripercussioni drammatiche sui nostri sistemi sanitari, ha minacciato la coesione delle nostre societ\u00e0, minato i nostri modelli economici e certamente ha aumentato le disuguaglianze, gi\u00e0 presenti nelle nostre societ\u00e0 e aggravato le condizioni delle persone pi\u00f9 fragili e pi\u00f9 vulnerabili. Tuttavia se c&#8217;\u00e8 una lezione che abbiamo potuto imparare in questi mesi cos\u00ec difficili \u00e8 il senso della nostra interdipendenza, nessuno pu\u00f2 farcela da solo!&#8221;. A dirlo il presidente del Parlamento Europeo David Sassoli in un videomessaggio rivolto ai partecipanti della prima Settimana Civica. Un intervento che si \u00e8 aperto con un pensiero rivolto al ricordo &#8220;della figura di un cittadino esemplare, l&#8217;ambasciatore Luca Attanasio, barbaramente ucciso poche settimane fa in Congo&#8221;.<br \/>&#8220;Oggi pi\u00f9 che mai &#8211; ha esortato Sassoli &#8211; dobbiamo agire insieme, migliorarci insieme, proteggere la nostra coesione europea, cio\u00e8 il contesto nel quale intere generazioni hanno fatto esperienza di pace e hanno saputo costruire un modello imperfetto ma importante, unico nel suo genere, che per una lunga stagione ha favorito benessere, crescita economica, diritti sociali e diritti civili. Dobbiamo valorizzare ancora di pi\u00f9 quell&#8217;idea di cittadinanza globale, di cittadinanza solidale, che sta alla base di una societ\u00e0 aperta, inclusiva, di una societ\u00e0 pi\u00f9 giusta&#8221;. Il presidente del Parlamento europeo avverte: &#8220;Per superare questa crisi \u00e8 necessario il contributo di tutti i cittadini. La conferenza sul futuro dell&#8217;Europa, che partir\u00e0 tra qualche giorno, ha proprio questo obiettivo, ovvero rilanciare il dialogo con le nostre opinioni pubbliche e stimolare un processo di partecipazione dal basso con i nostri cittadini. Dobbiamo agire insieme, non da soli. Abbiamo davanti una grande sfida, grandi responsabilit\u00e0, la possibilit\u00e0 per\u00f2 di progettare insieme il nostro futuro, un futuro che sia pi\u00f9 giusto&#8221;.<br \/>(ITALPRESS).<\/div>\n<div id=\"div-gpt-ad-Messinaoggi.it-DSK-300x250-corpoart\" style=\"text-align:center;margin:0 auto;\"><\/div><\/p><div id=\"videoincontent\" style=\"clear:both\";><\/div>","protected":false},"excerpt":{"rendered":"<p>ROMA (ITALPRESS) &#8211; &#8220;Da pi\u00f9 di un anno facciamo i conti con un nemico invisibile. Il Covid-19 ha avuto ripercussioni drammatiche sui nostri sistemi sanitari, ha minacciato la coesione delle nostre societ\u00e0, minato i nostri modelli economici e certamente ha aumentato le disuguaglianze, gi\u00e0 presenti nelle nostre societ\u00e0 e aggravato le condizioni delle persone pi\u00f9 [&hellip;]<\/p>\n","protected":false},"author":18,"featured_media":61086,"comment_status":"closed","ping_status":"closed","sticky":false,"template":"","format":"standard","meta":{"ub_ctt_via":"","_mi_skip_tracking":false},"categories":[446],"tags":[783],"featured_image_src":"https:\/\/www.messinaoggi.it\/website\/wp-content\/uploads\/2021\/04\/20210424_1010.jpg","author_info":{"display_name":"Admin","author_link":"https:\/\/www.messinaoggi.it\/website\/author\/admin\/"},"digistream_id":0,"digistream":false,"_links":{"self":[{"href":"https:\/\/www.messinaoggi.it\/website\/wp-json\/wp\/v2\/posts\/61085"}],"collection":[{"href":"https:\/\/www.messinaoggi.it\/website\/wp-json\/wp\/v2\/posts"}],"about":[{"href":"https:\/\/www.messinaoggi.it\/website\/wp-json\/wp\/v2\/types\/post"}],"author":[{"embeddable":true,"href":"https:\/\/www.messinaoggi.it\/website\/wp-json\/wp\/v2\/users\/18"}],"replies":[{"embeddable":true,"href":"https:\/\/www.messinaoggi.it\/website\/wp-json\/wp\/v2\/comments?post=61085"}],"version-history":[{"count":0,"href":"https:\/\/www.messinaoggi.it\/website\/wp-json\/wp\/v2\/posts\/61085\/revisions"}],"wp:featuredmedia":[{"embeddable":true,"href":"https:\/\/www.messinaoggi.it\/website\/wp-json\/wp\/v2\/media\/61086"}],"wp:attachment":[{"href":"https:\/\/www.messinaoggi.it\/website\/wp-json\/wp\/v2\/media?parent=61085"}],"wp:term":[{"taxonomy":"category","embeddable":true,"href":"https:\/\/www.messinaoggi.it\/website\/wp-json\/wp\/v2\/categories?post=61085"},{"taxonomy":"post_tag","embeddable":true,"href":"https:\/\/www.messinaoggi.it\/website\/wp-json\/wp\/v2\/tags?post=61085"}],"curies":[{"name":"wp","href":"https:\/\/api.w.org\/{rel}","templated":true}]}}