{"id":61083,"date":"2021-04-24T14:07:33","date_gmt":"2021-04-24T12:07:33","guid":{"rendered":"https:\/\/www.messinaoggi.it\/website\/2021\/04\/24\/recovery-letta-motore-per-recupero-delle-disuguaglianze\/"},"modified":"2021-04-24T16:13:18","modified_gmt":"2021-04-24T14:13:18","slug":"recovery-letta-motore-per-recupero-delle-disuguaglianze","status":"publish","type":"post","link":"https:\/\/www.messinaoggi.it\/website\/2021\/04\/24\/recovery-letta-motore-per-recupero-delle-disuguaglianze\/","title":{"rendered":"Recovery, Letta \u201cMotore per recupero delle disuguaglianze\u201d"},"content":{"rendered":"<div>ROMA (ITALPRESS) &#8211; &#8220;Oggi \u00e8 la giornata in cui il Governo approva il Pnrr e quindi l&#8217;applicazione per l&#8217;Italia del Next Generation EU. Questo ci d\u00e0 il quadro di cosa avverr\u00e0 nel nostro paese nei 6-10 prossimi anni. L\u00ec dentro ci sono i motori per il recupero delle disuguaglianze e per la costruzione di una societ\u00e0 inclusiva in un paese che sia in grado di generare occupazione, benessere e soprattutto far s\u00ec che tutto questo sia condivisibile da tutti suoi cittadini&#8221;. Cos\u00ec il segretario del Pd, Enrico Letta, in un intervento alla videoconferenza organizzata da Associazione Una citt\u00e0 con te. &#8220;La modalit\u00e0 per uscire dalla pandemia \u00e8 quella di toglierci di torno uno stereotipo, un modello molto applicato che non ha funzionato, cio\u00e8 quello della locomotiva. Quante volte si \u00e8 lavorato con l&#8217;idea che pi\u00f9 rendi forte e performante la locomotiva e meglio \u00e8 per l&#8217;ultimo vagone? Questo modello \u00e8 stato spazzato via dalla pandemia. Non funziona cos\u00ec. Se i vagoni non sono messi in condizione di essere alla stessa velocit\u00e0 della locomotiva, si staccano ed \u00e8 un disastro. Ed \u00e8 quello che \u00e8 successo in Italia. I vagoni si sono staccati dai luoghi geografici e sociali. Ci sono zone che vivono in una zona grigia di difficolt\u00e0 sui servizi e sulla realt\u00e0, le disuguaglianze sono cresciute con la pandemia. Il tema delle lotte alle disuguaglianza \u00e8 fondamentale ed \u00e8 la cifra con cui vorrei che il centrosinistra operasse&#8221;, ha aggiunto.<br \/>(ITALPRESS).<\/div>\n<div id=\"div-gpt-ad-Messinaoggi.it-DSK-300x250-corpoart\" style=\"text-align:center;margin:0 auto;\"><\/div><\/p><div id=\"videoincontent\" style=\"clear:both\";><\/div>","protected":false},"excerpt":{"rendered":"<p>ROMA (ITALPRESS) &#8211; &#8220;Oggi \u00e8 la giornata in cui il Governo approva il Pnrr e quindi l&#8217;applicazione per l&#8217;Italia del Next Generation EU. Questo ci d\u00e0 il quadro di cosa avverr\u00e0 nel nostro paese nei 6-10 prossimi anni. L\u00ec dentro ci sono i motori per il recupero delle disuguaglianze e per la costruzione di una [&hellip;]<\/p>\n","protected":false},"author":18,"featured_media":61084,"comment_status":"closed","ping_status":"closed","sticky":false,"template":"","format":"standard","meta":{"ub_ctt_via":"","_mi_skip_tracking":false},"categories":[446,6],"tags":[783],"featured_image_src":"https:\/\/www.messinaoggi.it\/website\/wp-content\/uploads\/2021\/04\/20210424_0988.jpg","author_info":{"display_name":"Admin","author_link":"https:\/\/www.messinaoggi.it\/website\/author\/admin\/"},"digistream_id":0,"digistream":false,"_links":{"self":[{"href":"https:\/\/www.messinaoggi.it\/website\/wp-json\/wp\/v2\/posts\/61083"}],"collection":[{"href":"https:\/\/www.messinaoggi.it\/website\/wp-json\/wp\/v2\/posts"}],"about":[{"href":"https:\/\/www.messinaoggi.it\/website\/wp-json\/wp\/v2\/types\/post"}],"author":[{"embeddable":true,"href":"https:\/\/www.messinaoggi.it\/website\/wp-json\/wp\/v2\/users\/18"}],"replies":[{"embeddable":true,"href":"https:\/\/www.messinaoggi.it\/website\/wp-json\/wp\/v2\/comments?post=61083"}],"version-history":[{"count":1,"href":"https:\/\/www.messinaoggi.it\/website\/wp-json\/wp\/v2\/posts\/61083\/revisions"}],"predecessor-version":[{"id":61100,"href":"https:\/\/www.messinaoggi.it\/website\/wp-json\/wp\/v2\/posts\/61083\/revisions\/61100"}],"wp:featuredmedia":[{"embeddable":true,"href":"https:\/\/www.messinaoggi.it\/website\/wp-json\/wp\/v2\/media\/61084"}],"wp:attachment":[{"href":"https:\/\/www.messinaoggi.it\/website\/wp-json\/wp\/v2\/media?parent=61083"}],"wp:term":[{"taxonomy":"category","embeddable":true,"href":"https:\/\/www.messinaoggi.it\/website\/wp-json\/wp\/v2\/categories?post=61083"},{"taxonomy":"post_tag","embeddable":true,"href":"https:\/\/www.messinaoggi.it\/website\/wp-json\/wp\/v2\/tags?post=61083"}],"curies":[{"name":"wp","href":"https:\/\/api.w.org\/{rel}","templated":true}]}}