{"id":61081,"date":"2021-04-24T14:07:32","date_gmt":"2021-04-24T12:07:32","guid":{"rendered":"https:\/\/www.messinaoggi.it\/website\/2021\/04\/24\/pirlo-tutti-concentrati-sullobiettivo-champions\/"},"modified":"2021-04-24T14:07:32","modified_gmt":"2021-04-24T12:07:32","slug":"pirlo-tutti-concentrati-sullobiettivo-champions","status":"publish","type":"post","link":"https:\/\/www.messinaoggi.it\/website\/2021\/04\/24\/pirlo-tutti-concentrati-sullobiettivo-champions\/","title":{"rendered":"Pirlo \u201cTutti concentrati sull\u2019obiettivo Champions\u201d"},"content":{"rendered":"<div>TORINO (ITALPRESS) &#8211; &#8220;Abbiamo tutti in testa un unico obiettivo che \u00e8 qualificarci in Champions, e andiamo avanti con forza per raggiungere questo traguardo importante. La Fiorentina sta lottando per non retrocedere ma ricordiamo la partita d&#8217;andata, fu la prima sconfitta e abbiamo grande spirito di rivalsa contro una squadra storicamente avversaria. Sar\u00e0 una bella partita e speriamo di fare un bel risultato&#8221;. Dopo una settimana che ha visto la Juve protagonista pi\u00f9 fuori dal campo che dentro, per il coinvolgimento di Andrea Agnelli nella vicenda Superlega, Andrea Pirlo cerca di riportare l&#8217;attenzione sulla rincorsa al pass per la massima competizione europea e sulla gara contro i viola, dove si rivedr\u00e0 Chiellini dal 1&#8242;, mentre Chiesa non \u00e8 ancora recuperato. Possibile chance per Ramsey, Danilo &#8220;\u00e8 da valutare ma non dovrebbero esserci problemi&#8221;, mentre per quanto riguarda Ronaldo, visto abbastanza insofferente nelle ultime uscite, Pirlo non \u00e8 preoccupato. &#8220;Ho un bellissimo rapporto con lui, \u00e8 un ragazzo che ha sempre voglia di fare bene e che si arrabbia anche quando perde le partitine. Ha sempre voglia di vincere, di dare il suo apporto alla squadra e questo \u00e8 un lato positivo per i ragazzi&#8221;. Pirlo ha avuto modo anche di parlare con Agnelli in questi giorni e assicura: &#8220;L&#8217;ho visto sereno, \u00e8 normale che si sia parlato tanto di lui in questo momento ma sa quello che deve fare e porta grande entusiasmo tutti i giorni quando viene al campo. C&#8217;\u00e8 il clima positivo di una squadra che vuole finire bene perch\u00e8 ha nella testa un obiettivo importante dopo aver perso di strada campionato e Champions. E&#8217; un obbligo portare la squadra in Champions. La Uefa potrebbe togliercela? Non abbiamo paura di questo, siamo sereni e concentrati su quello che dobbiamo fare, siamo convinti di poter terminare la stagione con i nostri obiettivi. Mi fido ciecamente della mia squadra, so quello che vogliono giocatori e societ\u00e0 e lavoriamo per un unico obiettivo, affronteremo tutte le partite con la massima concentrazione&#8221;.<br \/>(ITALPRESS).<\/div>\n<div id=\"div-gpt-ad-Messinaoggi.it-DSK-300x250-corpoart\" style=\"text-align:center;margin:0 auto;\"><\/div><\/p><div id=\"videoincontent\" style=\"clear:both\";><\/div>","protected":false},"excerpt":{"rendered":"<p>TORINO (ITALPRESS) &#8211; &#8220;Abbiamo tutti in testa un unico obiettivo che \u00e8 qualificarci in Champions, e andiamo avanti con forza per raggiungere questo traguardo importante. La Fiorentina sta lottando per non retrocedere ma ricordiamo la partita d&#8217;andata, fu la prima sconfitta e abbiamo grande spirito di rivalsa contro una squadra storicamente avversaria. Sar\u00e0 una bella [&hellip;]<\/p>\n","protected":false},"author":18,"featured_media":61082,"comment_status":"closed","ping_status":"closed","sticky":false,"template":"","format":"standard","meta":{"ub_ctt_via":"","_mi_skip_tracking":false},"categories":[446],"tags":[783],"featured_image_src":"https:\/\/www.messinaoggi.it\/website\/wp-content\/uploads\/2021\/04\/20210424_0880.jpg","author_info":{"display_name":"Admin","author_link":"https:\/\/www.messinaoggi.it\/website\/author\/admin\/"},"digistream_id":0,"digistream":false,"_links":{"self":[{"href":"https:\/\/www.messinaoggi.it\/website\/wp-json\/wp\/v2\/posts\/61081"}],"collection":[{"href":"https:\/\/www.messinaoggi.it\/website\/wp-json\/wp\/v2\/posts"}],"about":[{"href":"https:\/\/www.messinaoggi.it\/website\/wp-json\/wp\/v2\/types\/post"}],"author":[{"embeddable":true,"href":"https:\/\/www.messinaoggi.it\/website\/wp-json\/wp\/v2\/users\/18"}],"replies":[{"embeddable":true,"href":"https:\/\/www.messinaoggi.it\/website\/wp-json\/wp\/v2\/comments?post=61081"}],"version-history":[{"count":0,"href":"https:\/\/www.messinaoggi.it\/website\/wp-json\/wp\/v2\/posts\/61081\/revisions"}],"wp:featuredmedia":[{"embeddable":true,"href":"https:\/\/www.messinaoggi.it\/website\/wp-json\/wp\/v2\/media\/61082"}],"wp:attachment":[{"href":"https:\/\/www.messinaoggi.it\/website\/wp-json\/wp\/v2\/media?parent=61081"}],"wp:term":[{"taxonomy":"category","embeddable":true,"href":"https:\/\/www.messinaoggi.it\/website\/wp-json\/wp\/v2\/categories?post=61081"},{"taxonomy":"post_tag","embeddable":true,"href":"https:\/\/www.messinaoggi.it\/website\/wp-json\/wp\/v2\/tags?post=61081"}],"curies":[{"name":"wp","href":"https:\/\/api.w.org\/{rel}","templated":true}]}}