{"id":61062,"date":"2021-04-24T11:07:32","date_gmt":"2021-04-24T09:07:32","guid":{"rendered":"https:\/\/www.messinaoggi.it\/website\/2021\/04\/24\/lalleanza-tra-sicilia-e-calabria-per-il-ponte-ulisse\/"},"modified":"2021-04-24T16:13:56","modified_gmt":"2021-04-24T14:13:56","slug":"lalleanza-tra-sicilia-e-calabria-per-il-ponte-ulisse","status":"publish","type":"post","link":"https:\/\/www.messinaoggi.it\/website\/2021\/04\/24\/lalleanza-tra-sicilia-e-calabria-per-il-ponte-ulisse\/","title":{"rendered":"L\u2019alleanza tra Sicilia e Calabria per il Ponte \u201cUlisse\u201d"},"content":{"rendered":"<div>ROMA (ITALPRESS) &#8211; Lo reclamano le due regioni, Calabria e Sicilia, se ne discute in Parlamento e giungono richieste nelle sedi governative. Il dibattito sul collegamento stabile tra la riva calabrese e quella siciliana prosegue e il ponte sullo Stretto, dopo &#8220;Ponte d&#8217;Europa&#8221;, adesso viene anche chiamato &#8220;Ponte Ulisse&#8221;.<br \/>I due presidenti di Regione, il siciliano Nello Musumeci e il calabrese Nino Spirl\u00ec, si sono incontrati nei giorni scorsi a Catania, decisi a chiedere ancora una volta la costruzione dell&#8217;opera. &#8220;Siamo stanchi di essere considerati marginali rispetto al continente europeo&#8221;, ha affermato Musumeci. &#8220;Vogliamo diventare &#8211; ha spiegato &#8211; il cuore del Mediterraneo, la piattaforma naturale delle navi che lo attraversano. Non \u00e8 possibile diventarlo se non c&#8217;\u00e8 l&#8217;alta velocit\u00e0. E non ci pu\u00f2 essere alta velocit\u00e0 &#8211; ha spiegato il governatore &#8211; se non si attraversa lo Stretto in tre minuti&#8221;.<br \/>&#8220;Al Ponte ci crediamo &#8211; ha affermato Spirl\u00ec &#8211; e l&#8217;Europa ha l&#8217;obbligo politico di realizzarlo. Lo chiamiamo Ulisse &#8211; ha aggiunto &#8211; come il pi\u00f9 mediterraneo dei navigatori, come il pi\u00f9 europeo tra gli europei&#8221;. All&#8217;incontro c&#8217;era anche l&#8217;amministratore delegato di Webuild, Pietro Salini: &#8220;Siamo in grado di cominciare subito. Ci sono 50 anni di studi e approvazioni. E&#8217; un progetto &#8211; ha ricordato &#8211; che era stato cantierato e pronto per essere eseguito&#8221;. A incontrare Salini in questi giorni anche Silvia Vono, senatrice di Italia Viva e promotrice dell&#8217;intergruppo parlamentare che sostiene l&#8217;opera. Per Vono l&#8217;incontro \u00e8 servito &#8220;per avere la certezza che il Ponte sullo Stretto si pu\u00f2 fare, al di l\u00e0 delle commissioni tecniche&#8221; in quanto si tratta di &#8220;un progetto non cantierabile ma cantierato&#8221;, ha fatto sapere la senatrice sui suoi canali social.<br \/>Richieste e idee per il collegamento stabile sullo Stretto arrivano, quindi, al governo da pi\u00f9 parti. &#8220;Per noi \u00e8 un&#8217;infrastruttura strategica e lo abbiamo detto al presidente Draghi nel corso dell&#8217;incontro&#8221;, ha spiegato all&#8217;Italpress Roberto Occhiuto, capogruppo di Forza Italia alla Camera, parlando dell&#8217;incontro dei giorni scorsi tra il presidente del Consiglio Mario Draghi e i rappresentanti del partito azzurro. &#8220;Abbiamo segnalato &#8211; ha affermato &#8211; che intanto si potrebbero finanziare le opere a terra, che sicuramente si concludono entro il 2026, e si potrebbe considerare la disponibilit\u00e0 offerta dalle due Regioni, Calabria e Sicilia, di sostenere economicamente le altre opere, quelle relative al collegamento, utilizzando i fondi strutturali nella loro disponibilit\u00e0. Abbiamo segnalato &#8211; ha aggiunto &#8211; che il ponte sullo Stretto \u00e8 anche l&#8217;occasione per realizzare l&#8217;alta velocit\u00e0 ferroviaria, quella vera. Abbiamo detto che siamo preoccupati perch\u00e8, nel Recovery, quella che viene definita alta velocit\u00e0 Salerno-Reggio Calabria \u00e8 semplicemente un potenziamento della rete ferroviaria. Avremo treni un p\u00f2 pi\u00f9 veloci &#8211; ha continuato &#8211; ma non ad alta velocit\u00e0 come quelli che ci sono nel resto del Paese. Se facessimo il ponte, l&#8217;alta velocit\u00e0 ferroviaria, quella vera, si potrebbe realizzare pi\u00f9 facilmente perch\u00e8 sarebbe economicamente sostenibile&#8221;.<br \/>Inoltre l&#8217;opera, che per il deputato &#8220;sarebbe uno straordinario attrattore turistico&#8221;, non &#8220;interessa solo la Calabria e la Sicilia ma &#8211; ha evidenziato &#8211; \u00e8 strategica per l&#8217;intero paese e pu\u00f2 essere determinante per intercettare nuovi traffici commerciali nel Mediterraneo&#8221;. Per Occhiuto, che fa parte dell&#8217;intergruppo parlamentare, &#8220;il vero ostacolo alla realizzazione del ponte \u00e8 un pregiudizio ideologico&#8221;. &#8220;Quest&#8217;opera \u00e8 passata come voluta dai governi Berlusconi, come opera di destra. Le opere strategiche &#8211; ha concluso &#8211; non sono n\u00e8 di destra n\u00e8 di sinistra, servono al Paese e andrebbero realizzate con l&#8217;impegno di tutti&#8221;.<br \/>(ITALPRESS).<\/div>\n<div id=\"div-gpt-ad-Messinaoggi.it-DSK-300x250-corpoart\" style=\"text-align:center;margin:0 auto;\"><\/div><\/p><div id=\"videoincontent\" style=\"clear:both\";><\/div>","protected":false},"excerpt":{"rendered":"<p>ROMA (ITALPRESS) &#8211; Lo reclamano le due regioni, Calabria e Sicilia, se ne discute in Parlamento e giungono richieste nelle sedi governative. Il dibattito sul collegamento stabile tra la riva calabrese e quella siciliana prosegue e il ponte sullo Stretto, dopo &#8220;Ponte d&#8217;Europa&#8221;, adesso viene anche chiamato &#8220;Ponte Ulisse&#8221;.I due presidenti di Regione, il siciliano [&hellip;]<\/p>\n","protected":false},"author":18,"featured_media":61063,"comment_status":"closed","ping_status":"closed","sticky":false,"template":"","format":"standard","meta":{"ub_ctt_via":"","_mi_skip_tracking":false},"categories":[446,11],"tags":[783],"featured_image_src":"https:\/\/www.messinaoggi.it\/website\/wp-content\/uploads\/2021\/04\/20210424_0366.jpg","author_info":{"display_name":"Admin","author_link":"https:\/\/www.messinaoggi.it\/website\/author\/admin\/"},"digistream_id":0,"digistream":false,"_links":{"self":[{"href":"https:\/\/www.messinaoggi.it\/website\/wp-json\/wp\/v2\/posts\/61062"}],"collection":[{"href":"https:\/\/www.messinaoggi.it\/website\/wp-json\/wp\/v2\/posts"}],"about":[{"href":"https:\/\/www.messinaoggi.it\/website\/wp-json\/wp\/v2\/types\/post"}],"author":[{"embeddable":true,"href":"https:\/\/www.messinaoggi.it\/website\/wp-json\/wp\/v2\/users\/18"}],"replies":[{"embeddable":true,"href":"https:\/\/www.messinaoggi.it\/website\/wp-json\/wp\/v2\/comments?post=61062"}],"version-history":[{"count":1,"href":"https:\/\/www.messinaoggi.it\/website\/wp-json\/wp\/v2\/posts\/61062\/revisions"}],"predecessor-version":[{"id":61102,"href":"https:\/\/www.messinaoggi.it\/website\/wp-json\/wp\/v2\/posts\/61062\/revisions\/61102"}],"wp:featuredmedia":[{"embeddable":true,"href":"https:\/\/www.messinaoggi.it\/website\/wp-json\/wp\/v2\/media\/61063"}],"wp:attachment":[{"href":"https:\/\/www.messinaoggi.it\/website\/wp-json\/wp\/v2\/media?parent=61062"}],"wp:term":[{"taxonomy":"category","embeddable":true,"href":"https:\/\/www.messinaoggi.it\/website\/wp-json\/wp\/v2\/categories?post=61062"},{"taxonomy":"post_tag","embeddable":true,"href":"https:\/\/www.messinaoggi.it\/website\/wp-json\/wp\/v2\/tags?post=61062"}],"curies":[{"name":"wp","href":"https:\/\/api.w.org\/{rel}","templated":true}]}}