{"id":61053,"date":"2021-04-24T10:07:34","date_gmt":"2021-04-24T08:07:34","guid":{"rendered":"https:\/\/www.messinaoggi.it\/website\/2021\/04\/24\/covid-mattarella-sforzo-congiunto-ricordando-valori-della-resistenza\/"},"modified":"2021-04-24T10:07:34","modified_gmt":"2021-04-24T08:07:34","slug":"covid-mattarella-sforzo-congiunto-ricordando-valori-della-resistenza","status":"publish","type":"post","link":"https:\/\/www.messinaoggi.it\/website\/2021\/04\/24\/covid-mattarella-sforzo-congiunto-ricordando-valori-della-resistenza\/","title":{"rendered":"Covid, Mattarella \u201cSforzo congiunto ricordando valori della Resistenza\u201d"},"content":{"rendered":"<div>ROMA (ITALPRESS) &#8211; &#8220;Il difficile momento che stiamo vivendo limita le modalit\u00e0 di celebrazione ma desidero con uguale intensit\u00e0, in questo 25 aprile, Festa della libert\u00e0 di tutti gli italiani, ricordare il sacrificio di migliaia di connazionali che hanno lottato nelle fila della Resistenza e combattuto nelle truppe del Corpo Italiano di Liberazione, di quanti furono deportati, internati, sterminati nei campi di concentramento e delle donne e degli uomini di ogni ceto ed estrazione che non hanno fatto mancare il loro sostegno, pagando spesso duramente la loro scelta. Rinascita, unit\u00e0, coesione, riconciliazione nella nuova Costituzione Repubblicana, furono i sentimenti che guidarono la ricostruzione nel dopoguerra e che ci guidano oggi verso il superamento della crisi determinata dalla pandemia che, oltre a colpirci con la perdita di tanti affetti, mette a dura prova la vita economica e sociale del Paese&#8221;. Cos\u00ec il presidente della Repubblica, Sergio Mattarella, in un messaggio inviato in occasione del 76\u00b0 anniversario della Liberazione, alle Associazioni Combattentistiche e d&#8217;Arma. &#8220;Ora pi\u00f9 che mai &#8211; osserva il capo dello Stato &#8211; \u00e8 necessario rimanere uniti in uno sforzo congiunto che ci permetta di rendere sempre pi\u00f9 forti e riaffermare i valori e gli ideali che sono alla base del nostro vivere civile, quel filo conduttore che, dal Risorgimento alla Resistenza, ha portato alla rinascita dell&#8217;Italia&#8221;.<br \/>\n(ITALPRESS).<\/div>\n<div id=\"div-gpt-ad-Messinaoggi.it-DSK-300x250-corpoart\" style=\"text-align:center;margin:0 auto;\"><\/div><\/p><div id=\"videoincontent\" style=\"clear:both\";><\/div>","protected":false},"excerpt":{"rendered":"<p>ROMA (ITALPRESS) &#8211; &#8220;Il difficile momento che stiamo vivendo limita le modalit\u00e0 di celebrazione ma desidero con uguale intensit\u00e0, in questo 25 aprile, Festa della libert\u00e0 di tutti gli italiani, ricordare il sacrificio di migliaia di connazionali che hanno lottato nelle fila della Resistenza e combattuto nelle truppe del Corpo Italiano di Liberazione, di quanti [&hellip;]<\/p>\n","protected":false},"author":18,"featured_media":61054,"comment_status":"closed","ping_status":"closed","sticky":false,"template":"","format":"standard","meta":{"ub_ctt_via":"","_mi_skip_tracking":false},"categories":[446],"tags":[783],"featured_image_src":"https:\/\/www.messinaoggi.it\/website\/wp-content\/uploads\/2021\/04\/20210424_0111.jpg","author_info":{"display_name":"Admin","author_link":"https:\/\/www.messinaoggi.it\/website\/author\/admin\/"},"digistream_id":0,"digistream":false,"_links":{"self":[{"href":"https:\/\/www.messinaoggi.it\/website\/wp-json\/wp\/v2\/posts\/61053"}],"collection":[{"href":"https:\/\/www.messinaoggi.it\/website\/wp-json\/wp\/v2\/posts"}],"about":[{"href":"https:\/\/www.messinaoggi.it\/website\/wp-json\/wp\/v2\/types\/post"}],"author":[{"embeddable":true,"href":"https:\/\/www.messinaoggi.it\/website\/wp-json\/wp\/v2\/users\/18"}],"replies":[{"embeddable":true,"href":"https:\/\/www.messinaoggi.it\/website\/wp-json\/wp\/v2\/comments?post=61053"}],"version-history":[{"count":0,"href":"https:\/\/www.messinaoggi.it\/website\/wp-json\/wp\/v2\/posts\/61053\/revisions"}],"wp:featuredmedia":[{"embeddable":true,"href":"https:\/\/www.messinaoggi.it\/website\/wp-json\/wp\/v2\/media\/61054"}],"wp:attachment":[{"href":"https:\/\/www.messinaoggi.it\/website\/wp-json\/wp\/v2\/media?parent=61053"}],"wp:term":[{"taxonomy":"category","embeddable":true,"href":"https:\/\/www.messinaoggi.it\/website\/wp-json\/wp\/v2\/categories?post=61053"},{"taxonomy":"post_tag","embeddable":true,"href":"https:\/\/www.messinaoggi.it\/website\/wp-json\/wp\/v2\/tags?post=61053"}],"curies":[{"name":"wp","href":"https:\/\/api.w.org\/{rel}","templated":true}]}}