{"id":61048,"date":"2021-04-24T09:07:31","date_gmt":"2021-04-24T07:07:31","guid":{"rendered":"https:\/\/www.messinaoggi.it\/website\/2021\/04\/24\/governo-salvini-sostegno-a-draghi-non-abboccheremo-a-provocazioni\/"},"modified":"2021-04-24T09:07:31","modified_gmt":"2021-04-24T07:07:31","slug":"governo-salvini-sostegno-a-draghi-non-abboccheremo-a-provocazioni","status":"publish","type":"post","link":"https:\/\/www.messinaoggi.it\/website\/2021\/04\/24\/governo-salvini-sostegno-a-draghi-non-abboccheremo-a-provocazioni\/","title":{"rendered":"Governo, Salvini \u201cSostegno a Draghi, non abboccheremo a provocazioni\u201d"},"content":{"rendered":"<div>ROMA (ITALPRESS) &#8211; In una lettera al Corriere della Sera, il leader della Lega Matteo Salvini ribadisce &#8220;le grosse perplessit\u00e0 sul coprifuoco. In vista dell&#8217;ormai famoso Dl che la Lega non ha votato, gli enti locali avevano concordato con il Governo una presenza in classe degli studenti fino al 60%, per scongiurare assembramenti sui mezzi pubblici. Ebbene, alla fine il decreto ha stabilito una presenza del 70%: una forzatura che ha suscitato la reazione degli enti locali per l&#8217;evidente sgarbo&#8221;. Poi, aggiunge: &#8220;Capisco che per qualcuno sia pi\u00f9 comodo dipingere il sottoscritto come un politico inaffidabile, ma la verit\u00e0 \u00e8 che la posizione della Lega \u00e8 condivisa da amministratori locali di tutti i colori politici, per non parlare di associazioni, imprese e famiglie. Di pericoloso c&#8217;\u00e8 solo un&#8217;ideologia di sinistra &#8211; statalista e assistenzialista &#8211; che vede nell&#8217;iniziativa privata, nel lavoro autonomo, nel mondo del commercio e dell&#8217;impresa degli avversari e non degli alleati per la ricostruzione del Paese. Mi riferisco al ministro Speranza, al Pd, a pezzi di M5S&#8221;.<br \/>Per Salvini &#8220;coprifuoco, divieti e chiusure &#8211; dove i dati sanitari sono rassicuranti &#8211; non fanno bene all&#8217;Italia. Il 13% della nostra ricchezza dipende dal turismo: il coprifuoco alle 22 (ipotizzato addirittura fino a luglio) \u00e8 una mazzata anche per questo settore. Lo ribadisco ancora una volta. La Lega sostiene convintamente Draghi e non abboccheremo alle provocazioni. Siamo determinati a collaborare per tutelare la salute, per utilizzare bene i fondi europei, per immaginare la nostra Italia da qui a qualche decennio e accelerare sulle riaperture. Presto &#8211; ne sono sicuro &#8211; cadr\u00e0 il coprifuoco delle 22 e si trover\u00e0 una soluzione ragionevole per bar, ristoranti, palestre e piscine&#8221;.<br \/>(ITALPRESS).<\/div>\n<div id=\"div-gpt-ad-Messinaoggi.it-DSK-300x250-corpoart\" style=\"text-align:center;margin:0 auto;\"><\/div><\/p><div id=\"videoincontent\" style=\"clear:both\";><\/div>","protected":false},"excerpt":{"rendered":"<p>ROMA (ITALPRESS) &#8211; In una lettera al Corriere della Sera, il leader della Lega Matteo Salvini ribadisce &#8220;le grosse perplessit\u00e0 sul coprifuoco. In vista dell&#8217;ormai famoso Dl che la Lega non ha votato, gli enti locali avevano concordato con il Governo una presenza in classe degli studenti fino al 60%, per scongiurare assembramenti sui mezzi [&hellip;]<\/p>\n","protected":false},"author":18,"featured_media":61049,"comment_status":"closed","ping_status":"closed","sticky":false,"template":"","format":"standard","meta":{"ub_ctt_via":"","_mi_skip_tracking":false},"categories":[446],"tags":[783],"featured_image_src":"https:\/\/www.messinaoggi.it\/website\/wp-content\/uploads\/2021\/04\/20210424_0104.jpg","author_info":{"display_name":"Admin","author_link":"https:\/\/www.messinaoggi.it\/website\/author\/admin\/"},"digistream_id":0,"digistream":false,"_links":{"self":[{"href":"https:\/\/www.messinaoggi.it\/website\/wp-json\/wp\/v2\/posts\/61048"}],"collection":[{"href":"https:\/\/www.messinaoggi.it\/website\/wp-json\/wp\/v2\/posts"}],"about":[{"href":"https:\/\/www.messinaoggi.it\/website\/wp-json\/wp\/v2\/types\/post"}],"author":[{"embeddable":true,"href":"https:\/\/www.messinaoggi.it\/website\/wp-json\/wp\/v2\/users\/18"}],"replies":[{"embeddable":true,"href":"https:\/\/www.messinaoggi.it\/website\/wp-json\/wp\/v2\/comments?post=61048"}],"version-history":[{"count":0,"href":"https:\/\/www.messinaoggi.it\/website\/wp-json\/wp\/v2\/posts\/61048\/revisions"}],"wp:featuredmedia":[{"embeddable":true,"href":"https:\/\/www.messinaoggi.it\/website\/wp-json\/wp\/v2\/media\/61049"}],"wp:attachment":[{"href":"https:\/\/www.messinaoggi.it\/website\/wp-json\/wp\/v2\/media?parent=61048"}],"wp:term":[{"taxonomy":"category","embeddable":true,"href":"https:\/\/www.messinaoggi.it\/website\/wp-json\/wp\/v2\/categories?post=61048"},{"taxonomy":"post_tag","embeddable":true,"href":"https:\/\/www.messinaoggi.it\/website\/wp-json\/wp\/v2\/tags?post=61048"}],"curies":[{"name":"wp","href":"https:\/\/api.w.org\/{rel}","templated":true}]}}