{"id":61032,"date":"2021-04-24T00:44:58","date_gmt":"2021-04-23T22:44:58","guid":{"rendered":"http:\/\/www.messinaoggi.it\/website\/?p=61032"},"modified":"2021-04-24T00:45:01","modified_gmt":"2021-04-23T22:45:01","slug":"scherma-club-scherma-messina-alla-prova-regionale-under-14-di-spada","status":"publish","type":"post","link":"https:\/\/www.messinaoggi.it\/website\/2021\/04\/24\/scherma-club-scherma-messina-alla-prova-regionale-under-14-di-spada\/","title":{"rendered":"SCHERMA &#8211; Club Scherma Messina alla prova regionale under 14 di spada"},"content":{"rendered":"\n<p>Tornano in pedana i giovani del Club Scherma Messina. Dopo oltre un anno senza impegni agonistici a causa della pandemia, la societ\u00e0 dello Stretto parteciper\u00e0, nel weekend, alla prova regionale Under 14 di spada, che si svolger\u00e0, secondo i protocolli anti covid-19 previsti dalla Federazione, nel Palazzetto dello Sport di Santa Venerina, in provincia di Catania. <div id=\"div-gpt-ad-Messinaoggi.it-DSK-300x250-corpoart\" style=\"text-align:center;margin:0 auto;\"><\/div><\/p>\n\n\n\n<p>Il via ai gironi verr\u00e0 dato sabato 24 aprile alle ore 9.30 dalle categorie Ragazze\/Allieve e Giovanissimi, mentre domenica 25 toccher\u00e0 di mattina a Ragazzi\/Allievi, Maschietti e Bambini. <div id=\"videoincontent\" style=\"clear:both\";><\/div><\/p>\n\n\n\n<div class=\"wp-block-image\"><figure class=\"aligncenter size-large\"><img loading=\"lazy\" width=\"1024\" height=\"683\" src=\"https:\/\/www.messinaoggi.it\/website\/wp-content\/uploads\/2021\/04\/I-sei-schermidori-in-gara-a-Santa-Venerina.jpg\" alt=\"\" class=\"wp-image-61034\" srcset=\"https:\/\/www.messinaoggi.it\/website\/wp-content\/uploads\/2021\/04\/I-sei-schermidori-in-gara-a-Santa-Venerina.jpg 1024w, https:\/\/www.messinaoggi.it\/website\/wp-content\/uploads\/2021\/04\/I-sei-schermidori-in-gara-a-Santa-Venerina-300x200.jpg 300w, https:\/\/www.messinaoggi.it\/website\/wp-content\/uploads\/2021\/04\/I-sei-schermidori-in-gara-a-Santa-Venerina-768x512.jpg 768w\" sizes=\"(max-width: 1024px) 100vw, 1024px\" \/><figcaption><em><strong>I sei schermidori in gara a Santa Venerina<\/strong><\/em><\/figcaption><\/figure><\/div>\n\n\n\n<p>Sei promettenti schermidori difenderanno i colori del Club Scherma Messina: <em>Alice Mazziotti, Ludovica Felice Gemelli Turzi, Aurora Ruggeri, Angelo Gabriele Lucchese, Giulio Mazziotti e Andrea Matalone, <\/em>quest\u2019ultimo al debutto assoluto.<\/p>\n\n\n\n<p><em>\u201cLa bella notizia \u00e8 che possano finalmente gareggiare<\/em> \u2013 dichiara il maestro Letterio Cutugno, recentemente eletto consigliere regionale della Federscherma \u2013 <em>hanno tanta voglia di confrontarsi con i loro coetanei e di accumulare preziose esperienze. Nell\u2019ultimo periodo, si sono allenati con una certa regolarit\u00e0, tranne quando siamo stati \u201czona rossa\u201d. I risultati conteranno poco, anche perch\u00e9 i valori si sono in parte rimescolati dopo questo lungo stop forzato\u201d.\u00a0<\/em><\/p>\n\n\n\n<div class=\"wp-block-image\"><figure class=\"aligncenter size-large\"><img loading=\"lazy\" width=\"1024\" height=\"683\" src=\"https:\/\/www.messinaoggi.it\/website\/wp-content\/uploads\/2021\/04\/I-giovani-atleti-del-CLUB-SCHERMA-MESSINA.jpg\" alt=\"\" class=\"wp-image-61035\" srcset=\"https:\/\/www.messinaoggi.it\/website\/wp-content\/uploads\/2021\/04\/I-giovani-atleti-del-CLUB-SCHERMA-MESSINA.jpg 1024w, https:\/\/www.messinaoggi.it\/website\/wp-content\/uploads\/2021\/04\/I-giovani-atleti-del-CLUB-SCHERMA-MESSINA-300x200.jpg 300w, https:\/\/www.messinaoggi.it\/website\/wp-content\/uploads\/2021\/04\/I-giovani-atleti-del-CLUB-SCHERMA-MESSINA-768x512.jpg 768w\" sizes=\"(max-width: 1024px) 100vw, 1024px\" \/><figcaption><em><strong>I giovani atleti del Club Scherma Messina<\/strong><\/em><\/figcaption><\/figure><\/div>\n\n\n\n<p>Come avete vissuto i lunghi mesi di Coronavirus?<em> \u201cLa scherma, essendo uno sport individuale che prevede di suo il mantenimento delle distanze interpersonali, \u00e8 stata pi\u00f9 fortunata rispetto alle altre discipline, ma naturalmente i problemi ci sono stati e permangono e la speranza di tutti \u00e8 che la situazione sanitaria generali migliori ulteriormente per poter ricominciare a programmare con la necessaria tranquillit\u00e0. Adesso &#8211;<\/em> conclude Cutugno <em>&#8211; concentriamoci, per\u00f2, su queste due intense giornate, che speriamo si possano bissare prima dell\u2019estate\u201d.<\/em>\u00a0\u00a0\u00a0<\/p>\n\n\n\n<div class=\"wp-block-image\"><figure class=\"aligncenter size-large\"><img loading=\"lazy\" width=\"1024\" height=\"683\" src=\"https:\/\/www.messinaoggi.it\/website\/wp-content\/uploads\/2021\/04\/Allenamento-CLUB-SCHERMA-MESSINA-1.jpg\" alt=\"\" class=\"wp-image-61036\" srcset=\"https:\/\/www.messinaoggi.it\/website\/wp-content\/uploads\/2021\/04\/Allenamento-CLUB-SCHERMA-MESSINA-1.jpg 1024w, https:\/\/www.messinaoggi.it\/website\/wp-content\/uploads\/2021\/04\/Allenamento-CLUB-SCHERMA-MESSINA-1-300x200.jpg 300w, https:\/\/www.messinaoggi.it\/website\/wp-content\/uploads\/2021\/04\/Allenamento-CLUB-SCHERMA-MESSINA-1-768x512.jpg 768w\" sizes=\"(max-width: 1024px) 100vw, 1024px\" \/><figcaption><em><strong>Gli atleti del Club Scherma Messina in allenamento<\/strong><\/em><\/figcaption><\/figure><\/div>\n\n\n\n<p><\/p>\n","protected":false},"excerpt":{"rendered":"<p>Tornano in pedana i giovani del Club Scherma Messina. Dopo oltre un anno senza impegni agonistici a causa della pandemia, la societ\u00e0 dello Stretto parteciper\u00e0, nel weekend, alla prova regionale Under 14 di spada, che si svolger\u00e0, secondo i protocolli anti covid-19 previsti dalla Federazione, nel Palazzetto dello Sport di Santa Venerina, in provincia di [&hellip;]<\/p>\n","protected":false},"author":17,"featured_media":61033,"comment_status":"open","ping_status":"open","sticky":false,"template":"","format":"standard","meta":{"ub_ctt_via":"","_mi_skip_tracking":false},"categories":[8,9],"tags":[547],"featured_image_src":"https:\/\/www.messinaoggi.it\/website\/wp-content\/uploads\/2021\/04\/Allenamento-CLUB-SCHERMA-MESSINA.jpg","author_info":{"display_name":"Giuseppe Luppino","author_link":"https:\/\/www.messinaoggi.it\/website\/author\/g-luppino\/"},"digistream_id":0,"digistream":false,"_links":{"self":[{"href":"https:\/\/www.messinaoggi.it\/website\/wp-json\/wp\/v2\/posts\/61032"}],"collection":[{"href":"https:\/\/www.messinaoggi.it\/website\/wp-json\/wp\/v2\/posts"}],"about":[{"href":"https:\/\/www.messinaoggi.it\/website\/wp-json\/wp\/v2\/types\/post"}],"author":[{"embeddable":true,"href":"https:\/\/www.messinaoggi.it\/website\/wp-json\/wp\/v2\/users\/17"}],"replies":[{"embeddable":true,"href":"https:\/\/www.messinaoggi.it\/website\/wp-json\/wp\/v2\/comments?post=61032"}],"version-history":[{"count":1,"href":"https:\/\/www.messinaoggi.it\/website\/wp-json\/wp\/v2\/posts\/61032\/revisions"}],"predecessor-version":[{"id":61037,"href":"https:\/\/www.messinaoggi.it\/website\/wp-json\/wp\/v2\/posts\/61032\/revisions\/61037"}],"wp:featuredmedia":[{"embeddable":true,"href":"https:\/\/www.messinaoggi.it\/website\/wp-json\/wp\/v2\/media\/61033"}],"wp:attachment":[{"href":"https:\/\/www.messinaoggi.it\/website\/wp-json\/wp\/v2\/media?parent=61032"}],"wp:term":[{"taxonomy":"category","embeddable":true,"href":"https:\/\/www.messinaoggi.it\/website\/wp-json\/wp\/v2\/categories?post=61032"},{"taxonomy":"post_tag","embeddable":true,"href":"https:\/\/www.messinaoggi.it\/website\/wp-json\/wp\/v2\/tags?post=61032"}],"curies":[{"name":"wp","href":"https:\/\/api.w.org\/{rel}","templated":true}]}}