{"id":60924,"date":"2021-04-23T16:07:38","date_gmt":"2021-04-23T14:07:38","guid":{"rendered":"https:\/\/www.messinaoggi.it\/website\/2021\/04\/23\/negoziati-ue-pfizer-per-18-miliardi-di-vaccini-in-tre-anni\/"},"modified":"2021-04-23T16:07:38","modified_gmt":"2021-04-23T14:07:38","slug":"negoziati-ue-pfizer-per-18-miliardi-di-vaccini-in-tre-anni","status":"publish","type":"post","link":"https:\/\/www.messinaoggi.it\/website\/2021\/04\/23\/negoziati-ue-pfizer-per-18-miliardi-di-vaccini-in-tre-anni\/","title":{"rendered":"Negoziati Ue-Pfizer per 1,8 miliardi di vaccini in tre anni"},"content":{"rendered":"<div>BRUXELLES (BELGIO) (ITALPRESS) &#8211; &#8220;Grazie a partner affidabili&#8221;, come Pfizer e BioNTech, &#8220;la campagna di vaccinazione nell&#8217;Unione europea sta accelerando&#8221;. Lo ha detto la presidente della Commissione europea, Ursula Von der Leyen, oggi in visita all&#8217;impianto belga di Puurs dell&#8217;azienda farmaceutica Pfizer.<br \/>Fiduciosa, la presidente ha anche ricordato che di questo passo, &#8220;avremo abbastanza dosi&#8221;, per raggiungere l&#8217;obiettivo del 70% di adulti vaccinati &#8220;gi\u00e0 a luglio&#8221;. Inoltre, Von der Leyen ha annunciato che, l&#8217;Agenzia europea del farmaco (Ema) ha dato il benestare per &#8220;un aumento della capacit\u00e0 di produzione del sito di un ulteriore 20%&#8221;. L&#8217;ampliamento render\u00e0 lo stabilimento di Puurs &#8220;uno dei pi\u00f9 grandi d&#8217;Europa&#8221;, ma il sito vantava gi\u00e0 un altro primato. Infatti, \u00e8 a Puurs che l&#8217;Unione europea ha cominciato a produrre, per la prima volta, vaccini a tecnologia mRNA su larga scala.<br \/>La visita di Von der Leyen \u00e8 avvenuta pochi giorni dopo l&#8217;annuncio da parte della Commissione europea di &#8220;aver avviato le negoziazioni&#8221; per un nuovo contratto con l&#8217;azienda farmaceutica Pfizer, per la fornitura di 1.8 miliardi di vaccini per il periodo 2021-2023&#8243;.<br \/>(ITALPRESS).<\/div>\n<div id=\"div-gpt-ad-Messinaoggi.it-DSK-300x250-corpoart\" style=\"text-align:center;margin:0 auto;\"><\/div><\/p><div id=\"videoincontent\" style=\"clear:both\";><\/div>","protected":false},"excerpt":{"rendered":"<p>BRUXELLES (BELGIO) (ITALPRESS) &#8211; &#8220;Grazie a partner affidabili&#8221;, come Pfizer e BioNTech, &#8220;la campagna di vaccinazione nell&#8217;Unione europea sta accelerando&#8221;. Lo ha detto la presidente della Commissione europea, Ursula Von der Leyen, oggi in visita all&#8217;impianto belga di Puurs dell&#8217;azienda farmaceutica Pfizer.Fiduciosa, la presidente ha anche ricordato che di questo passo, &#8220;avremo abbastanza dosi&#8221;, per [&hellip;]<\/p>\n","protected":false},"author":18,"featured_media":60925,"comment_status":"closed","ping_status":"closed","sticky":false,"template":"","format":"standard","meta":{"ub_ctt_via":"","_mi_skip_tracking":false},"categories":[446],"tags":[783],"featured_image_src":"https:\/\/www.messinaoggi.it\/website\/wp-content\/uploads\/2021\/04\/20210423_1166-300x208-1.jpg","author_info":{"display_name":"Admin","author_link":"https:\/\/www.messinaoggi.it\/website\/author\/admin\/"},"digistream_id":0,"digistream":false,"_links":{"self":[{"href":"https:\/\/www.messinaoggi.it\/website\/wp-json\/wp\/v2\/posts\/60924"}],"collection":[{"href":"https:\/\/www.messinaoggi.it\/website\/wp-json\/wp\/v2\/posts"}],"about":[{"href":"https:\/\/www.messinaoggi.it\/website\/wp-json\/wp\/v2\/types\/post"}],"author":[{"embeddable":true,"href":"https:\/\/www.messinaoggi.it\/website\/wp-json\/wp\/v2\/users\/18"}],"replies":[{"embeddable":true,"href":"https:\/\/www.messinaoggi.it\/website\/wp-json\/wp\/v2\/comments?post=60924"}],"version-history":[{"count":0,"href":"https:\/\/www.messinaoggi.it\/website\/wp-json\/wp\/v2\/posts\/60924\/revisions"}],"wp:featuredmedia":[{"embeddable":true,"href":"https:\/\/www.messinaoggi.it\/website\/wp-json\/wp\/v2\/media\/60925"}],"wp:attachment":[{"href":"https:\/\/www.messinaoggi.it\/website\/wp-json\/wp\/v2\/media?parent=60924"}],"wp:term":[{"taxonomy":"category","embeddable":true,"href":"https:\/\/www.messinaoggi.it\/website\/wp-json\/wp\/v2\/categories?post=60924"},{"taxonomy":"post_tag","embeddable":true,"href":"https:\/\/www.messinaoggi.it\/website\/wp-json\/wp\/v2\/tags?post=60924"}],"curies":[{"name":"wp","href":"https:\/\/api.w.org\/{rel}","templated":true}]}}