{"id":60922,"date":"2021-04-23T16:07:36","date_gmt":"2021-04-23T14:07:36","guid":{"rendered":"https:\/\/www.messinaoggi.it\/website\/2021\/04\/23\/il-covid-frena-la-nascita-delle-imprese\/"},"modified":"2021-04-23T16:07:36","modified_gmt":"2021-04-23T14:07:36","slug":"il-covid-frena-la-nascita-delle-imprese","status":"publish","type":"post","link":"https:\/\/www.messinaoggi.it\/website\/2021\/04\/23\/il-covid-frena-la-nascita-delle-imprese\/","title":{"rendered":"Il Covid frena la nascita delle imprese"},"content":{"rendered":"<div>ROMA (ITALPRESS) &#8211; Resta sui pedali anche nel primo trimestre dell&#8217;anno il tessuto imprenditoriale italiano. I dati della fine del mese scorso, a oltre un anno dall&#8217;inizio della pandemia, portano a 63mila la stima sulla mancata nascita di imprese da marzo 2020. Le incertezze dello scenario economico, tra attese sull&#8217;evoluzione della pandemia e prospettive di rilancio legate al Pnrr, influiscono anche sulle cancellazioni, in rallentamento. <br \/>E&#8217; quanto emerge della fotografia scattata da Unioncamere &#8211; InfoCamere sui dati ufficiali sulla natalit\u00e0 e mortalit\u00e0 delle imprese italiane nel primo trimestre 2021. Le iscrizioni tra gennaio e marzo sono state pari a 103.597. <br \/>Nonostante un timido segnale di rimbalzo, che fa i conti con un primo trimestre 2020 fortemente condizionato dall&#8217;avvio della stagione pandemica (con il fermo di ogni attivit\u00e0 per l&#8217;intero mese di marzo), il bilancio delle iscrizioni che si riscontra confrontando i tredici mesi da inizio marzo 2020 a fine marzo 2021 con il corrispondente periodo collocato al di fuori della pandemia (a cavallo tra il 2018 e il 2019) fa segnare un volume di iscrizioni di nuove imprese stimabile in circa 63mila unit\u00e0 in meno. I dati confermano la forte relazione tra clima di fiducia e natalit\u00e0 delle imprese e rendono evidente il significativo scoraggiamento nell&#8217;avviare nuove attivit\u00e0 che ha caratterizzato molta parte di questo periodo.<br \/>(ITALPRESS).<\/div>\n<div id=\"div-gpt-ad-Messinaoggi.it-DSK-300x250-corpoart\" style=\"text-align:center;margin:0 auto;\"><\/div><\/p><div id=\"videoincontent\" style=\"clear:both\";><\/div>","protected":false},"excerpt":{"rendered":"<p>ROMA (ITALPRESS) &#8211; Resta sui pedali anche nel primo trimestre dell&#8217;anno il tessuto imprenditoriale italiano. I dati della fine del mese scorso, a oltre un anno dall&#8217;inizio della pandemia, portano a 63mila la stima sulla mancata nascita di imprese da marzo 2020. Le incertezze dello scenario economico, tra attese sull&#8217;evoluzione della pandemia e prospettive di [&hellip;]<\/p>\n","protected":false},"author":18,"featured_media":60923,"comment_status":"closed","ping_status":"closed","sticky":false,"template":"","format":"standard","meta":{"ub_ctt_via":"","_mi_skip_tracking":false},"categories":[446],"tags":[783],"featured_image_src":"https:\/\/www.messinaoggi.it\/website\/wp-content\/uploads\/2021\/04\/20210423_1125.jpg","author_info":{"display_name":"Admin","author_link":"https:\/\/www.messinaoggi.it\/website\/author\/admin\/"},"digistream_id":0,"digistream":false,"_links":{"self":[{"href":"https:\/\/www.messinaoggi.it\/website\/wp-json\/wp\/v2\/posts\/60922"}],"collection":[{"href":"https:\/\/www.messinaoggi.it\/website\/wp-json\/wp\/v2\/posts"}],"about":[{"href":"https:\/\/www.messinaoggi.it\/website\/wp-json\/wp\/v2\/types\/post"}],"author":[{"embeddable":true,"href":"https:\/\/www.messinaoggi.it\/website\/wp-json\/wp\/v2\/users\/18"}],"replies":[{"embeddable":true,"href":"https:\/\/www.messinaoggi.it\/website\/wp-json\/wp\/v2\/comments?post=60922"}],"version-history":[{"count":0,"href":"https:\/\/www.messinaoggi.it\/website\/wp-json\/wp\/v2\/posts\/60922\/revisions"}],"wp:featuredmedia":[{"embeddable":true,"href":"https:\/\/www.messinaoggi.it\/website\/wp-json\/wp\/v2\/media\/60923"}],"wp:attachment":[{"href":"https:\/\/www.messinaoggi.it\/website\/wp-json\/wp\/v2\/media?parent=60922"}],"wp:term":[{"taxonomy":"category","embeddable":true,"href":"https:\/\/www.messinaoggi.it\/website\/wp-json\/wp\/v2\/categories?post=60922"},{"taxonomy":"post_tag","embeddable":true,"href":"https:\/\/www.messinaoggi.it\/website\/wp-json\/wp\/v2\/tags?post=60922"}],"curies":[{"name":"wp","href":"https:\/\/api.w.org\/{rel}","templated":true}]}}