{"id":60725,"date":"2021-04-22T10:19:35","date_gmt":"2021-04-22T08:19:35","guid":{"rendered":"http:\/\/www.messinaoggi.it\/website\/?p=60725"},"modified":"2021-04-22T10:19:56","modified_gmt":"2021-04-22T08:19:56","slug":"maggio-dei-libri-si-parte-da-domani","status":"publish","type":"post","link":"https:\/\/www.messinaoggi.it\/website\/2021\/04\/22\/maggio-dei-libri-si-parte-da-domani\/","title":{"rendered":"Maggio dei Libri: si parte da domani"},"content":{"rendered":"\n<p>Da domani, venerd\u00ec 23, si apre il calendario, coordinato dall\u2019Assessorato alla Cultura, degli eventi collegati all\u2019Edizione 2021 della Campagna nazionale di lettura \u201cIl Maggio dei Libri\u201d, istituita sotto l\u2019Alto Patronato del Presidente della Repubblica e patrocinata dalla Commissione Nazionale Italiana per l\u2019UNESCO, a cui la Citt\u00e0 di Messina ha aderito tramite l\u2019Assessore alla Cultura Enzo Caruso.<div id=\"div-gpt-ad-Messinaoggi.it-DSK-300x250-corpoart\" style=\"text-align:center;margin:0 auto;\"><\/div><\/p>\n\n\n\n<p>Il ricco programma di appuntamenti (per la maggior parte in versione online a causa delle norme anti COVID19) \u00e8 stato elaborato dal Servizio \u201cPubblica Istruzione e Cultura\u201d sulla base dell\u2019alto numero di istanze pervenute all\u2019Assessorato Cultura, a seguito di avviso di manifestazione di interesse, cui hanno risposto la Biblioteca regionale, le scuole cittadine, associazioni di settore, librerie e case editrici.<div id=\"videoincontent\" style=\"clear:both\";><\/div><\/p>\n\n\n\n<p>Il Maggio dei Libri \u00e8 una campagna nazionale nata nel 2011 con l\u2019obiettivo di sottolineare il valore sociale dei libri quale elemento chiave della crescita personale, culturale e civile invitando a portare i libri e la lettura anche in contesti diversi da quelli tradizionali, per intercettare coloro che solitamente non leggono ma che possono essere incuriositi se stimolati nel modo giusto.<\/p>\n\n\n\n<p>\u201cSeguendo le indicazioni del Cepell (Centro per il Libro e la Lettura) \u2013 dichiara l\u2019Assessore Caruso \u2013 abbiamo cercato di realizzare un programma che coinvolgesse associazioni, istituti comprensivi, biblioteche, librerie e case editrici, utilizzando le loro idee e proposte, consigliando il tema di quest\u2019anno: l\u2019AMOR\u201d.<\/p>\n\n\n\n<p>Nell\u2019anno dedicato alle celebrazioni per il 700\u00b0 anniversario della sua morte, Il Maggio dei Libri celebra infatti Dante Alighieri declinando l\u2019amore, uno dei temi cardine della sua produzione, in tre filoni ispirati ad alcuni dei pi\u00f9 celebri versi: \u201cAmor\u2026 ch\u2019a nullo amato amar perdona\u201d, \u201cAmor\u2026 che ne la mente mi ragiona\u201d e \u201cAmor\u2026 che move il sole e l\u2019altre stelle\u201d.<\/p>\n\n\n\n<p>Le iniziative, come da calendario, si svolgeranno a partire da domani, venerd\u00ec 23, sino a luned\u00ec 31 maggio, e sono registrate nella banca dati della Campagna Nazionale, sul sito ufficiale www.ilmaggiodeilibri.it. Sono state previste tre sezioni facenti riferimento alla modalit\u00e0 delle iniziative: VIDEO, ON LINE e in PRESENZA. Anche quest\u2019anno, considerata l\u2019emergenza epidemiologica, si \u00e8 dato molto spazio alle attivit\u00e0 da svolgere on line, tra le quali presentazioni di libri, reading e incontri con gli autori, ma anche consigli di lettura e visite virtuali in video. Nella speranza di misure meno restrittive anti-contagio, la seconda parte del Programma prevede attivit\u00e0 in presenza (su prenotazione), con laboratori di lettura per bambini e presentazioni di libri presso biblioteche e librerie.<\/p>\n\n\n\n<p>A chiusura dell\u2019evento, la presentazione del Volume \u201cIl Conservatorio Corelli tra storie e prospettive\u201d a cura di Alba Crea e del Conservatorio, e il Concerto della sua prestigiosa Orchestra. Gli eventi in programma, soggetti a variazioni ed integrazioni, saranno costantemente aggiornati e trasmessi e condivisi sulla pagina fb \u201cBiblioteca comunale Tommaso Cannizzaro\u201d.<\/p>\n\n\n\n<p>\u201cL\u2019obiettivo \u00e8 quello di sottolineare e promuovere il valore sociale della lettura \u2013 prosegue l\u2019Assessore Caruso \u2013 quale elemento chiave della crescita personale, culturale e civile di una comunit\u00e0. La massiccia adesione al programma, da me coordinato, \u00e8 una nota incoraggiante di risveglio e vitalit\u00e0 che francamente fa ben sperare. Grande merito al Dirigente e al personale della Biblioteca comunale Cannizzaro che, con dedizione e passione, produce iniziative riuscendo a fare rete con le realt\u00e0 cittadine legate al mondo della lettura e della ricerca. C\u2019\u00e8 una parte di Messina \u2013 conclude Caruso \u2013 che comincia a crederci e fare squadra per riscattare una citt\u00e0 per troppo tempo accartocciata su se stessa e incapace di volare alto\u201d.<\/p>\n","protected":false},"excerpt":{"rendered":"<p>Da domani, venerd\u00ec 23, si apre il calendario, coordinato dall\u2019Assessorato alla Cultura, degli eventi collegati all\u2019Edizione 2021 della Campagna nazionale di lettura \u201cIl Maggio dei Libri\u201d, istituita sotto l\u2019Alto Patronato del Presidente della Repubblica e patrocinata dalla Commissione Nazionale Italiana per l\u2019UNESCO, a cui la Citt\u00e0 di Messina ha aderito tramite l\u2019Assessore alla Cultura Enzo [&hellip;]<\/p>\n","protected":false},"author":8,"featured_media":8040,"comment_status":"open","ping_status":"open","sticky":false,"template":"","format":"standard","meta":{"ub_ctt_via":"","_mi_skip_tracking":false},"categories":[16],"tags":[1437,1436],"featured_image_src":"https:\/\/www.messinaoggi.it\/website\/wp-content\/uploads\/2017\/09\/libri-libreria-2.jpg","author_info":{"display_name":"red..me","author_link":"https:\/\/www.messinaoggi.it\/website\/author\/redstage\/"},"digistream_id":0,"digistream":false,"_links":{"self":[{"href":"https:\/\/www.messinaoggi.it\/website\/wp-json\/wp\/v2\/posts\/60725"}],"collection":[{"href":"https:\/\/www.messinaoggi.it\/website\/wp-json\/wp\/v2\/posts"}],"about":[{"href":"https:\/\/www.messinaoggi.it\/website\/wp-json\/wp\/v2\/types\/post"}],"author":[{"embeddable":true,"href":"https:\/\/www.messinaoggi.it\/website\/wp-json\/wp\/v2\/users\/8"}],"replies":[{"embeddable":true,"href":"https:\/\/www.messinaoggi.it\/website\/wp-json\/wp\/v2\/comments?post=60725"}],"version-history":[{"count":1,"href":"https:\/\/www.messinaoggi.it\/website\/wp-json\/wp\/v2\/posts\/60725\/revisions"}],"predecessor-version":[{"id":60726,"href":"https:\/\/www.messinaoggi.it\/website\/wp-json\/wp\/v2\/posts\/60725\/revisions\/60726"}],"wp:featuredmedia":[{"embeddable":true,"href":"https:\/\/www.messinaoggi.it\/website\/wp-json\/wp\/v2\/media\/8040"}],"wp:attachment":[{"href":"https:\/\/www.messinaoggi.it\/website\/wp-json\/wp\/v2\/media?parent=60725"}],"wp:term":[{"taxonomy":"category","embeddable":true,"href":"https:\/\/www.messinaoggi.it\/website\/wp-json\/wp\/v2\/categories?post=60725"},{"taxonomy":"post_tag","embeddable":true,"href":"https:\/\/www.messinaoggi.it\/website\/wp-json\/wp\/v2\/tags?post=60725"}],"curies":[{"name":"wp","href":"https:\/\/api.w.org\/{rel}","templated":true}]}}