{"id":60720,"date":"2021-04-22T10:07:44","date_gmt":"2021-04-22T08:07:44","guid":{"rendered":"https:\/\/www.messinaoggi.it\/website\/2021\/04\/22\/covid-zaia-astensione-lega-non-e-irresponsabile\/"},"modified":"2021-04-22T10:24:52","modified_gmt":"2021-04-22T08:24:52","slug":"covid-zaia-astensione-lega-non-e-irresponsabile","status":"publish","type":"post","link":"https:\/\/www.messinaoggi.it\/website\/2021\/04\/22\/covid-zaia-astensione-lega-non-e-irresponsabile\/","title":{"rendered":"Covid, Zaia \u201cAstensione? Lega non \u00e8 irresponsabile\u201d"},"content":{"rendered":"<div>ROMA (ITALPRESS) &#8211; L&#8217;astensione della Lega sul decreto in Cdm &#8220;non \u00e8 un&#8217;assunzione di irresponsabilit\u00e0&#8221;. Lo dice il governatore Veneto, Luca Zaia, in un&#8217;intervista al Corriere della sera. <br \/>In merito alla conferma del coprifuoco alle 22 &#8220;c&#8217;\u00e8 qualcosa che non capisco&#8230; Sembra una decisione presa dai tecnici pi\u00f9 che dai politici. Senza una sintesi&#8230;&#8221;. &#8220;Una cosa \u00e8 certa: Dal punto di vista tecnico, pi\u00f9 si chiude meglio \u00e8. Se restiamo serrati in casa, difficilmente ci contageremo. E&#8217; come con le strisce pedonali: se le togli, non avrai pi\u00f9 gli investiti sulle strisce. Ma non abbiamo bisogno dei tecnici per sentircelo dire&#8221;. <br \/>&#8220;Nessuno &#8211; dice Zaia &#8211; vuole negare l&#8217;evidenza. I contagi, che peraltro in Veneto in questo momento arretrano, sono un fatto. Soltanto, ci saremmo aspettati un nuovo corso, quello della convivenza con il virus&#8221;. &#8220;E&#8217; innegabile &#8211; prosegue &#8211; che le strade siano piene, le attivit\u00e0 produttive operative e le scuole aperte. Senza contare che, a differenza di un anno fa, abbiamo protocolli di cura, una diagnostica migliorata, gli anticorpi monoclonali e le vaccinazioni. Eppure, a qualcuno si dice no, tu no. Ed \u00e8 inspiegabile&#8221;.<br \/>(ITALPRESS).<\/div>\n<div id=\"div-gpt-ad-Messinaoggi.it-DSK-300x250-corpoart\" style=\"text-align:center;margin:0 auto;\"><\/div><\/p><div id=\"videoincontent\" style=\"clear:both\";><\/div>","protected":false},"excerpt":{"rendered":"<p>ROMA (ITALPRESS) &#8211; L&#8217;astensione della Lega sul decreto in Cdm &#8220;non \u00e8 un&#8217;assunzione di irresponsabilit\u00e0&#8221;. Lo dice il governatore Veneto, Luca Zaia, in un&#8217;intervista al Corriere della sera. In merito alla conferma del coprifuoco alle 22 &#8220;c&#8217;\u00e8 qualcosa che non capisco&#8230; Sembra una decisione presa dai tecnici pi\u00f9 che dai politici. Senza una sintesi&#8230;&#8221;. &#8220;Una [&hellip;]<\/p>\n","protected":false},"author":18,"featured_media":60721,"comment_status":"closed","ping_status":"closed","sticky":false,"template":"","format":"standard","meta":{"ub_ctt_via":"","_mi_skip_tracking":false},"categories":[446,4],"tags":[783],"featured_image_src":"https:\/\/www.messinaoggi.it\/website\/wp-content\/uploads\/2021\/04\/20210422_0134.jpg","author_info":{"display_name":"Admin","author_link":"https:\/\/www.messinaoggi.it\/website\/author\/admin\/"},"digistream_id":0,"digistream":false,"_links":{"self":[{"href":"https:\/\/www.messinaoggi.it\/website\/wp-json\/wp\/v2\/posts\/60720"}],"collection":[{"href":"https:\/\/www.messinaoggi.it\/website\/wp-json\/wp\/v2\/posts"}],"about":[{"href":"https:\/\/www.messinaoggi.it\/website\/wp-json\/wp\/v2\/types\/post"}],"author":[{"embeddable":true,"href":"https:\/\/www.messinaoggi.it\/website\/wp-json\/wp\/v2\/users\/18"}],"replies":[{"embeddable":true,"href":"https:\/\/www.messinaoggi.it\/website\/wp-json\/wp\/v2\/comments?post=60720"}],"version-history":[{"count":1,"href":"https:\/\/www.messinaoggi.it\/website\/wp-json\/wp\/v2\/posts\/60720\/revisions"}],"predecessor-version":[{"id":60728,"href":"https:\/\/www.messinaoggi.it\/website\/wp-json\/wp\/v2\/posts\/60720\/revisions\/60728"}],"wp:featuredmedia":[{"embeddable":true,"href":"https:\/\/www.messinaoggi.it\/website\/wp-json\/wp\/v2\/media\/60721"}],"wp:attachment":[{"href":"https:\/\/www.messinaoggi.it\/website\/wp-json\/wp\/v2\/media?parent=60720"}],"wp:term":[{"taxonomy":"category","embeddable":true,"href":"https:\/\/www.messinaoggi.it\/website\/wp-json\/wp\/v2\/categories?post=60720"},{"taxonomy":"post_tag","embeddable":true,"href":"https:\/\/www.messinaoggi.it\/website\/wp-json\/wp\/v2\/tags?post=60720"}],"curies":[{"name":"wp","href":"https:\/\/api.w.org\/{rel}","templated":true}]}}