{"id":60717,"date":"2021-04-22T09:05:07","date_gmt":"2021-04-22T07:05:07","guid":{"rendered":"https:\/\/www.messinaoggi.it\/website\/2021\/04\/22\/letta-serve-un-grande-patto-per-ricostruire\/"},"modified":"2021-04-22T10:25:01","modified_gmt":"2021-04-22T08:25:01","slug":"letta-serve-un-grande-patto-per-ricostruire","status":"publish","type":"post","link":"https:\/\/www.messinaoggi.it\/website\/2021\/04\/22\/letta-serve-un-grande-patto-per-ricostruire\/","title":{"rendered":"Letta \u201cServe un grande patto per ricostruire\u201d"},"content":{"rendered":"<div>ROMA (ITALPRESS) &#8211; &#8220;Un Patto per la Ricostruzione &#8211; elaborato dal governo con tutte le parti sociali, con il coinvolgimento fattivo dei sistemi territoriali e con il sostegno genuino delle forze politiche &#8211; (che) pu\u00f2 essere l&#8217;occasione per potenziare quel che sin qui \u00e8 stato insufficiente, poco chiaro, farraginoso. Non \u00e8, per\u00f2, pi\u00f9 sufficiente solo aggiustare, tamponare, ristorare. Si tratta ora di cominciare a scrivere, condividere e rendere operativo sui territori un grande Patto per la ricostruzione del Paese.Il modello per noi \u00e8 quello dell&#8217;accordo voluto da Ciampi nel luglio &#8217;93&#8221;. E&#8217; quanto chiede il segretario del Pd Enrico Letta in un intervento pubblicato sul Corriere della sera. &#8220;La parola &#8216;riapertur\u00e8 \u00e8 la pi\u00f9 abusata in questi giorni. Riaperture in sicurezza e irreversibili, meglio specificare, considerata la situazione sanitaria ancora precaria e le tensioni conflagrate ieri in Consiglio dei ministri intorno al coprifuoco, col dietrofront poco serio della Lega&#8221;. &#8220;Tuttavia, oltre (e in parallelo) alle riaperture, \u00e8 tempo di mettere al centro del dibattito pubblico, e delle decisioni della politica, anche la parola &#8216;ricostruzion\u00e8&#8221;. &#8220;Non bastano pi\u00f9 sostegni o ristori&#8221;, scrive Letta. &#8220;Si tratta ora di cominciare a scrivere, condividere e rendere operativo sui territori un grande Patto per la ricostruzione del Paese. Il modello per noi \u00e8 quello dell&#8217;accordo voluto da Ciampi nel luglio &#8217;93. Segn\u00f2 una svolta nella storia economica del Paese, con imprese e lavoratori protagonisti della ripresa&#8221;. Per Letta &#8220;la Lega di Salvini deve decidere una volta per tutte se sta al governo o se sta all&#8217;opposizione: stare in entrambi \u00e8 impossibile, evidentemente. La verit\u00e0 \u00e8 che solo una tregua sulla ricostruzione tra le forze politiche che collaborano nel sostegno a Draghi pu\u00f2 consentirci di vivere una nuova stagione di concertazione. Concertazione che oggi, per\u00f2, deve essere qualcosa di pi\u00f9: deve essere condivisione e corresponsabilit\u00e0&#8221;.<br \/>(ITALPRESS).<\/div>\n<div id=\"div-gpt-ad-Messinaoggi.it-DSK-300x250-corpoart\" style=\"text-align:center;margin:0 auto;\"><\/div><\/p><div id=\"videoincontent\" style=\"clear:both\";><\/div>","protected":false},"excerpt":{"rendered":"<p>ROMA (ITALPRESS) &#8211; &#8220;Un Patto per la Ricostruzione &#8211; elaborato dal governo con tutte le parti sociali, con il coinvolgimento fattivo dei sistemi territoriali e con il sostegno genuino delle forze politiche &#8211; (che) pu\u00f2 essere l&#8217;occasione per potenziare quel che sin qui \u00e8 stato insufficiente, poco chiaro, farraginoso. Non \u00e8, per\u00f2, pi\u00f9 sufficiente solo [&hellip;]<\/p>\n","protected":false},"author":18,"featured_media":60718,"comment_status":"closed","ping_status":"closed","sticky":false,"template":"","format":"standard","meta":{"ub_ctt_via":"","_mi_skip_tracking":false},"categories":[446,4],"tags":[783],"featured_image_src":"https:\/\/www.messinaoggi.it\/website\/wp-content\/uploads\/2021\/04\/20210422_0088-300x206-1.jpg","author_info":{"display_name":"Admin","author_link":"https:\/\/www.messinaoggi.it\/website\/author\/admin\/"},"digistream_id":0,"digistream":false,"_links":{"self":[{"href":"https:\/\/www.messinaoggi.it\/website\/wp-json\/wp\/v2\/posts\/60717"}],"collection":[{"href":"https:\/\/www.messinaoggi.it\/website\/wp-json\/wp\/v2\/posts"}],"about":[{"href":"https:\/\/www.messinaoggi.it\/website\/wp-json\/wp\/v2\/types\/post"}],"author":[{"embeddable":true,"href":"https:\/\/www.messinaoggi.it\/website\/wp-json\/wp\/v2\/users\/18"}],"replies":[{"embeddable":true,"href":"https:\/\/www.messinaoggi.it\/website\/wp-json\/wp\/v2\/comments?post=60717"}],"version-history":[{"count":1,"href":"https:\/\/www.messinaoggi.it\/website\/wp-json\/wp\/v2\/posts\/60717\/revisions"}],"predecessor-version":[{"id":60729,"href":"https:\/\/www.messinaoggi.it\/website\/wp-json\/wp\/v2\/posts\/60717\/revisions\/60729"}],"wp:featuredmedia":[{"embeddable":true,"href":"https:\/\/www.messinaoggi.it\/website\/wp-json\/wp\/v2\/media\/60718"}],"wp:attachment":[{"href":"https:\/\/www.messinaoggi.it\/website\/wp-json\/wp\/v2\/media?parent=60717"}],"wp:term":[{"taxonomy":"category","embeddable":true,"href":"https:\/\/www.messinaoggi.it\/website\/wp-json\/wp\/v2\/categories?post=60717"},{"taxonomy":"post_tag","embeddable":true,"href":"https:\/\/www.messinaoggi.it\/website\/wp-json\/wp\/v2\/tags?post=60717"}],"curies":[{"name":"wp","href":"https:\/\/api.w.org\/{rel}","templated":true}]}}