{"id":6071,"date":"2017-08-07T17:33:58","date_gmt":"2017-08-07T15:33:58","guid":{"rendered":"http:\/\/www.messinaoggi.it\/website\/?p=6071"},"modified":"2017-08-07T17:33:58","modified_gmt":"2017-08-07T15:33:58","slug":"scontro-al-comune-uil-fpl-il-dg-le-donne-sfida-i-sindacati","status":"publish","type":"post","link":"https:\/\/www.messinaoggi.it\/website\/2017\/08\/07\/scontro-al-comune-uil-fpl-il-dg-le-donne-sfida-i-sindacati\/","title":{"rendered":"Scontro al Comune. Uil-Fpl: &quot;Il dg Le Donne sfida i sindacati&quot;"},"content":{"rendered":"<p class=\"p1\"><span class=\"s1\">Sebbene i sindacati di categoria (CGIL, CISL e UIL) abbiano comunicato ufficialmente, la sospensione delle attivit\u00e0 sindacali per il periodo estivo che va dal 7 al 31 agosto 2017, il Direttore Generale convoca comunque una seduta per l\u20198 agosto ponendo all\u2019ordine del giorno argomenti importantissimi come il fabbisogno del personale 2017\/2019 e l\u2019approvazione del nuovo contratto decentrato integrativo.<\/span><div id=\"div-gpt-ad-Messinaoggi.it-DSK-300x250-corpoart\" style=\"text-align:center;margin:0 auto;\"><\/div><\/p>\n<p class=\"p1\"><span class=\"s1\">\u201cE\u2019 assurdo che il pi\u00f9 alto burocrate di palazzo Zanca arrivi a questo. Ci\u00f2 dimostra ancora arroganza e intolleranza al confronto sindacale, ponendo miseri sotterfugi, anche\u00a0 con la complicit\u00e0 di qualche sindacalista, per far passare atti che trovano l\u2019assoluta contrariet\u00e0 della maggior parte dei lavoratori e della scrivente organizzazione\u201d. Cos\u00ec Pippo Calapai, Fabrizio Nicosia, ed Emilio Di Stefano, rispettivamente segretario generale, responsabile provinciale, e segretario aziendale di Uil-Fpl Messina.<\/span><div id=\"videoincontent\" style=\"clear:both\";><\/div><\/p>\n<p class=\"p1\"><span class=\"s1\">\u201cNoi siamo esterrefatti. Ancora una volta, dopo le innumerevoli ed estenuanti riunioni e dichiarazioni di assoluta contrariet\u00e0, Il Direttore generale torna a riproporre sempre la stessa minestra riscaldata. Noi crediamo che la bozza del nuovo Contratto Decentrato riproposto penalizzi fortemente la maggior parte dei dipendenti con particolare riguardo alle categorie C a cui verranno di fatto tolte le indennit\u00e0 di responsabilit\u00e0, mentre tutti gli altri Dipendenti di categoria \u201cD\u201d (non titolari di Posizioni organizzative) \u201cC\u201d, \u201cB\u201d ed \u201cA\u201d poco o niente percepiranno della cosiddetta produttivit\u00e0. Infatti, la meritocrazia decantata \u00e8 solo apparente e non porter\u00e0 nessun risultato di efficienza ed efficacia anzi, al contrario, si stanno ponendo le basi per distribuire quei pochi spiccioli che rimarranno a quei dipendenti asserviti al puro potere burocratico. \u00a0Di questo ne saranno prova, a breve, le forzature che assisteremo per l\u2019istituzioni e per le assegnazioni delle Posizioni Organizzative il cui regolamento gi\u00e0 approvato dall\u2019Amministrazione lascia presagire. Noi avevamo proposto un sistema premiante che garantisse tutti i lavoratori e, cosa pi\u00f9 importante, non lasciasse una delega in bianco al Management nella distribuzione della relativa quota di produttivit\u00e0.<\/span><\/p>\n<p class=\"p1\"><span class=\"s1\">La Uil-Fpl non sar\u00e0 comunque presente alla seduta dell\u20198 agosto. \u201cAvvertiamo che ove l\u2019Amministrazione dovesse proseguire in questa direzione attiveremo azioni eclatanti di protesta oltre che le giuste vie legali a difesa dei lavoratori tutti\u201d.<\/span><\/p>\n","protected":false},"excerpt":{"rendered":"<p>Sebbene i sindacati di categoria (CGIL, CISL e UIL) abbiano comunicato ufficialmente, la sospensione delle attivit\u00e0 sindacali per il periodo estivo che va dal 7 al 31 agosto 2017, il Direttore Generale convoca comunque una seduta per l\u20198 agosto ponendo all\u2019ordine del giorno argomenti importantissimi come il fabbisogno del personale 2017\/2019 e l\u2019approvazione del nuovo [&hellip;]<\/p>\n","protected":false},"author":2,"featured_media":1775,"comment_status":"closed","ping_status":"open","sticky":false,"template":"","format":"standard","meta":{"ub_ctt_via":"","_mi_skip_tracking":false},"categories":[4],"tags":[],"featured_image_src":"https:\/\/www.messinaoggi.it\/website\/wp-content\/uploads\/2017\/06\/Pippo-Calapai-Uil-Fpl-2.jpg","author_info":{"display_name":"Redazione","author_link":"https:\/\/www.messinaoggi.it\/website\/author\/redazione\/"},"digistream_id":0,"digistream":false,"_links":{"self":[{"href":"https:\/\/www.messinaoggi.it\/website\/wp-json\/wp\/v2\/posts\/6071"}],"collection":[{"href":"https:\/\/www.messinaoggi.it\/website\/wp-json\/wp\/v2\/posts"}],"about":[{"href":"https:\/\/www.messinaoggi.it\/website\/wp-json\/wp\/v2\/types\/post"}],"author":[{"embeddable":true,"href":"https:\/\/www.messinaoggi.it\/website\/wp-json\/wp\/v2\/users\/2"}],"replies":[{"embeddable":true,"href":"https:\/\/www.messinaoggi.it\/website\/wp-json\/wp\/v2\/comments?post=6071"}],"version-history":[{"count":0,"href":"https:\/\/www.messinaoggi.it\/website\/wp-json\/wp\/v2\/posts\/6071\/revisions"}],"wp:featuredmedia":[{"embeddable":true,"href":"https:\/\/www.messinaoggi.it\/website\/wp-json\/wp\/v2\/media\/1775"}],"wp:attachment":[{"href":"https:\/\/www.messinaoggi.it\/website\/wp-json\/wp\/v2\/media?parent=6071"}],"wp:term":[{"taxonomy":"category","embeddable":true,"href":"https:\/\/www.messinaoggi.it\/website\/wp-json\/wp\/v2\/categories?post=6071"},{"taxonomy":"post_tag","embeddable":true,"href":"https:\/\/www.messinaoggi.it\/website\/wp-json\/wp\/v2\/tags?post=6071"}],"curies":[{"name":"wp","href":"https:\/\/api.w.org\/{rel}","templated":true}]}}