{"id":60691,"date":"2021-04-22T07:07:33","date_gmt":"2021-04-22T05:07:33","guid":{"rendered":"https:\/\/www.messinaoggi.it\/website\/2021\/04\/21\/banfi-contentissimo-per-riaperture-cinema-e-teatri\/"},"modified":"2021-04-22T10:25:24","modified_gmt":"2021-04-22T08:25:24","slug":"banfi-contentissimo-per-riaperture-cinema-e-teatri","status":"publish","type":"post","link":"https:\/\/www.messinaoggi.it\/website\/2021\/04\/22\/banfi-contentissimo-per-riaperture-cinema-e-teatri\/","title":{"rendered":"Banfi \u201cContentissimo per riaperture cinema e teatri\u201d"},"content":{"rendered":"<div>ROMA (ITALPRESS) &#8211; &#8220;Sono contentissimo per le riaperture dei cinema e dei teatri&#8221;. A parlare a Rai Radio1, ospite di Un Giorno da Pecora, \u00e8 l&#8217;attore Lino Banfi. Luned\u00ec lei andr\u00e0 al cinema o a teatro? &#8220;Al cinema&#8221;. Sa gi\u00e0 che film saranno disponibili? &#8220;Non lo so, credo che in questo periodo di pandemia si siano ammucchiati dei film che si stavano girando. Ad esempio io stavo facendo un film, a Bologna, con la regia di Chiara Sani, che si intitola &#8216;Vecchie Canagli\u00e8&#8221;. Parlando dei molti premi ricevuti in Carriera, Banfi ha spiegato: &#8220;ho tanti premi ma quelli che si usano nel nostro ambiente sono i David di Donatello oppure andare col proprio film a Venezia&#8221;. Si sente un p\u00f2 discriminato dal cinema italiano &#8216;che cont\u00e0? &#8220;Si, perch\u00e8 poi non si sa quale sia il cinema che conta o quello che non conta. Si pu\u00f2 essere alle prime armi e fare un buon lavoro ed un buon film&#8221;. E perch\u00e8, a suo avviso, non ha mai vinto un David di Donatello? &#8220;Non lo so &#8211; ha detto Banfi a Rai Radio1 &#8211;  ci sar\u00e0 qualcuno che dice questo si e questo no&#8221;.<br \/>(ITALPRESS).<\/div>\n<div id=\"div-gpt-ad-Messinaoggi.it-DSK-300x250-corpoart\" style=\"text-align:center;margin:0 auto;\"><\/div><\/p><div id=\"videoincontent\" style=\"clear:both\";><\/div>","protected":false},"excerpt":{"rendered":"<p>ROMA (ITALPRESS) &#8211; &#8220;Sono contentissimo per le riaperture dei cinema e dei teatri&#8221;. A parlare a Rai Radio1, ospite di Un Giorno da Pecora, \u00e8 l&#8217;attore Lino Banfi. Luned\u00ec lei andr\u00e0 al cinema o a teatro? &#8220;Al cinema&#8221;. Sa gi\u00e0 che film saranno disponibili? &#8220;Non lo so, credo che in questo periodo di pandemia si [&hellip;]<\/p>\n","protected":false},"author":18,"featured_media":60692,"comment_status":"closed","ping_status":"closed","sticky":false,"template":"","format":"standard","meta":{"ub_ctt_via":"","_mi_skip_tracking":false},"categories":[446,17],"tags":[783],"featured_image_src":"https:\/\/www.messinaoggi.it\/website\/wp-content\/uploads\/2021\/04\/20210421_2199.jpg","author_info":{"display_name":"Admin","author_link":"https:\/\/www.messinaoggi.it\/website\/author\/admin\/"},"digistream_id":0,"digistream":false,"_links":{"self":[{"href":"https:\/\/www.messinaoggi.it\/website\/wp-json\/wp\/v2\/posts\/60691"}],"collection":[{"href":"https:\/\/www.messinaoggi.it\/website\/wp-json\/wp\/v2\/posts"}],"about":[{"href":"https:\/\/www.messinaoggi.it\/website\/wp-json\/wp\/v2\/types\/post"}],"author":[{"embeddable":true,"href":"https:\/\/www.messinaoggi.it\/website\/wp-json\/wp\/v2\/users\/18"}],"replies":[{"embeddable":true,"href":"https:\/\/www.messinaoggi.it\/website\/wp-json\/wp\/v2\/comments?post=60691"}],"version-history":[{"count":1,"href":"https:\/\/www.messinaoggi.it\/website\/wp-json\/wp\/v2\/posts\/60691\/revisions"}],"predecessor-version":[{"id":60730,"href":"https:\/\/www.messinaoggi.it\/website\/wp-json\/wp\/v2\/posts\/60691\/revisions\/60730"}],"wp:featuredmedia":[{"embeddable":true,"href":"https:\/\/www.messinaoggi.it\/website\/wp-json\/wp\/v2\/media\/60692"}],"wp:attachment":[{"href":"https:\/\/www.messinaoggi.it\/website\/wp-json\/wp\/v2\/media?parent=60691"}],"wp:term":[{"taxonomy":"category","embeddable":true,"href":"https:\/\/www.messinaoggi.it\/website\/wp-json\/wp\/v2\/categories?post=60691"},{"taxonomy":"post_tag","embeddable":true,"href":"https:\/\/www.messinaoggi.it\/website\/wp-json\/wp\/v2\/tags?post=60691"}],"curies":[{"name":"wp","href":"https:\/\/api.w.org\/{rel}","templated":true}]}}