{"id":60668,"date":"2021-04-21T17:07:34","date_gmt":"2021-04-21T15:07:34","guid":{"rendered":"https:\/\/www.messinaoggi.it\/website\/2021\/04\/21\/sondaggi-per-56-italiani-inaccettabile-aziende-falliscano-per-covid\/"},"modified":"2021-04-21T17:07:34","modified_gmt":"2021-04-21T15:07:34","slug":"sondaggi-per-56-italiani-inaccettabile-aziende-falliscano-per-covid","status":"publish","type":"post","link":"https:\/\/www.messinaoggi.it\/website\/2021\/04\/21\/sondaggi-per-56-italiani-inaccettabile-aziende-falliscano-per-covid\/","title":{"rendered":"Sondaggi, per 56% italiani inaccettabile aziende falliscano per Covid"},"content":{"rendered":"<div>ROMA (ITALPRESS) &#8211; L&#8217;emergenza Covid-19 che ha colpito tutto il mondo e il nostro Paese, oltre ai problemi a livello sanitario e sulla salute, ha avuto delle importanti ripercussioni anche dal punto di vista economico. Sono molte le aziende che, a causa delle chiusure forzate e al periodo di inattivit\u00e0, si ritrovano ad avere notevoli difficolt\u00e0 economiche, con il rischio di non poter pi\u00f9 riaprire. Un aspetto, questo, ritenuto inaccettabile da oltre la met\u00e0 degli intervistati di un sondaggio di Euromedia Research, in particolare nelle aree del Centro e nel Sud e Isole. <br \/>Il 56,8% chiede al Governo, quindi, un aiuto per tutte le attivit\u00e0 che attualmente si trovano in difficolt\u00e0 a causa del Covid. Tra le categorie professionali, i lavoratori autonomi &#8211; e quindi coloro che maggiormente hanno subito gli effetti della crisi &#8211; sono quelli che pi\u00f9 di tutti (67,3%) si dichiarano a favore degli aiuti da parte dello Stato per tutte le imprese in difficolt\u00e0. <br \/>Dal punto di vista politico, invece, l&#8217;area di centrosinistra composta dal PD e da altri partiti \u00e8 quella maggiormente contraria ad aiuti generalizzati e ritiene sia pi\u00f9 utile concentrarsi solo sulle attivit\u00e0 che dimostrano buone prospettive.<br \/>Dati Euromedia Research &#8211; Realizzato il 19\/04\/2021 con metodologia mista CATI\/CAWI su un campione di 800 casi rappresentativi della popolazione italiana maggiorenne.<br \/>(ITALPRESS).<\/div>\n<div id=\"div-gpt-ad-Messinaoggi.it-DSK-300x250-corpoart\" style=\"text-align:center;margin:0 auto;\"><\/div><\/p><div id=\"videoincontent\" style=\"clear:both\";><\/div>","protected":false},"excerpt":{"rendered":"<p>ROMA (ITALPRESS) &#8211; L&#8217;emergenza Covid-19 che ha colpito tutto il mondo e il nostro Paese, oltre ai problemi a livello sanitario e sulla salute, ha avuto delle importanti ripercussioni anche dal punto di vista economico. Sono molte le aziende che, a causa delle chiusure forzate e al periodo di inattivit\u00e0, si ritrovano ad avere notevoli [&hellip;]<\/p>\n","protected":false},"author":18,"featured_media":60669,"comment_status":"closed","ping_status":"closed","sticky":false,"template":"","format":"standard","meta":{"ub_ctt_via":"","_mi_skip_tracking":false},"categories":[446],"tags":[783],"featured_image_src":"https:\/\/www.messinaoggi.it\/website\/wp-content\/uploads\/2021\/04\/20210421_1487.jpg","author_info":{"display_name":"Admin","author_link":"https:\/\/www.messinaoggi.it\/website\/author\/admin\/"},"digistream_id":0,"digistream":false,"_links":{"self":[{"href":"https:\/\/www.messinaoggi.it\/website\/wp-json\/wp\/v2\/posts\/60668"}],"collection":[{"href":"https:\/\/www.messinaoggi.it\/website\/wp-json\/wp\/v2\/posts"}],"about":[{"href":"https:\/\/www.messinaoggi.it\/website\/wp-json\/wp\/v2\/types\/post"}],"author":[{"embeddable":true,"href":"https:\/\/www.messinaoggi.it\/website\/wp-json\/wp\/v2\/users\/18"}],"replies":[{"embeddable":true,"href":"https:\/\/www.messinaoggi.it\/website\/wp-json\/wp\/v2\/comments?post=60668"}],"version-history":[{"count":0,"href":"https:\/\/www.messinaoggi.it\/website\/wp-json\/wp\/v2\/posts\/60668\/revisions"}],"wp:featuredmedia":[{"embeddable":true,"href":"https:\/\/www.messinaoggi.it\/website\/wp-json\/wp\/v2\/media\/60669"}],"wp:attachment":[{"href":"https:\/\/www.messinaoggi.it\/website\/wp-json\/wp\/v2\/media?parent=60668"}],"wp:term":[{"taxonomy":"category","embeddable":true,"href":"https:\/\/www.messinaoggi.it\/website\/wp-json\/wp\/v2\/categories?post=60668"},{"taxonomy":"post_tag","embeddable":true,"href":"https:\/\/www.messinaoggi.it\/website\/wp-json\/wp\/v2\/tags?post=60668"}],"curies":[{"name":"wp","href":"https:\/\/api.w.org\/{rel}","templated":true}]}}