{"id":60664,"date":"2021-04-21T16:07:33","date_gmt":"2021-04-21T14:07:33","guid":{"rendered":"https:\/\/www.messinaoggi.it\/website\/2021\/04\/21\/manfredi-governo-cambi-idea-pronti-ad-una-grande-olimpiade\/"},"modified":"2021-04-21T16:07:33","modified_gmt":"2021-04-21T14:07:33","slug":"manfredi-governo-cambi-idea-pronti-ad-una-grande-olimpiade","status":"publish","type":"post","link":"https:\/\/www.messinaoggi.it\/website\/2021\/04\/21\/manfredi-governo-cambi-idea-pronti-ad-una-grande-olimpiade\/","title":{"rendered":"Manfredi \u201cGoverno cambi idea, pronti ad una grande Olimpiade\u201d"},"content":{"rendered":"<div>ROMA (ITALPRESS) &#8211; &#8220;Speriamo che il governo all&#8217;ultimo momento possa cambiare qualcosa&#8221;. Questo \u00e8 l&#8217;appello del presidente della Fipav, Giuseppe Manfredi, in merito alla possibile, parziale riapertura degli impianti a partire dal primo giugno, dopo che era stata indicata la data del primo maggio. Una scelta, assicura Manfredi in un forum nella sede romana dell&#8217;Italpress, che &#8220;non ci pu\u00f2 soddisfare assolutamente. Eravamo abbastanza tranquilli, avevamo sperato che si potesse riaprire almeno per una piccola percentuale di pubblico, perch\u00e8 le nostre societ\u00e0 sono davvero in difficolt\u00e0&#8221;. &#8220;Non saprei dire se \u00e8 successo qualcosa nelle ultime ora, probabilmente avranno avuto delle buone ragioni che noi non comprendiamo. Nel momento in cui riapriamo i cinema e i teatri &#8211; sottolinea il numero uno della Federvolley &#8211; qualche difficolt\u00e0 a capire l&#8217;avremo&#8230;&#8221;. Nel frattempo, la pallavolo azzurra si prepara alle imminenti Olimpiadi con legittime ambizioni: &#8220;Andiamo a Tokyo per fare bene &#8211; sottolinea Manfredi &#8211; Sappiamo di avere due Nazionali competitive e stiamo preparando la spedizione a Tokyo. Tra poco le due selezioni saranno in collegiale, sicuramente diremo la nostra. Partiamo per fare bene, sappiamo che ci stiamo preparando per disputare una grande Olimpiade&#8221;.<br \/>(ITALPRESS).<\/div>\n<div id=\"div-gpt-ad-Messinaoggi.it-DSK-300x250-corpoart\" style=\"text-align:center;margin:0 auto;\"><\/div><\/p><div id=\"videoincontent\" style=\"clear:both\";><\/div>","protected":false},"excerpt":{"rendered":"<p>ROMA (ITALPRESS) &#8211; &#8220;Speriamo che il governo all&#8217;ultimo momento possa cambiare qualcosa&#8221;. Questo \u00e8 l&#8217;appello del presidente della Fipav, Giuseppe Manfredi, in merito alla possibile, parziale riapertura degli impianti a partire dal primo giugno, dopo che era stata indicata la data del primo maggio. Una scelta, assicura Manfredi in un forum nella sede romana dell&#8217;Italpress, [&hellip;]<\/p>\n","protected":false},"author":18,"featured_media":60665,"comment_status":"closed","ping_status":"closed","sticky":false,"template":"","format":"standard","meta":{"ub_ctt_via":"","_mi_skip_tracking":false},"categories":[446],"tags":[783],"featured_image_src":"https:\/\/www.messinaoggi.it\/website\/wp-content\/uploads\/2021\/04\/20210421_1388.jpg","author_info":{"display_name":"Admin","author_link":"https:\/\/www.messinaoggi.it\/website\/author\/admin\/"},"digistream_id":0,"digistream":false,"_links":{"self":[{"href":"https:\/\/www.messinaoggi.it\/website\/wp-json\/wp\/v2\/posts\/60664"}],"collection":[{"href":"https:\/\/www.messinaoggi.it\/website\/wp-json\/wp\/v2\/posts"}],"about":[{"href":"https:\/\/www.messinaoggi.it\/website\/wp-json\/wp\/v2\/types\/post"}],"author":[{"embeddable":true,"href":"https:\/\/www.messinaoggi.it\/website\/wp-json\/wp\/v2\/users\/18"}],"replies":[{"embeddable":true,"href":"https:\/\/www.messinaoggi.it\/website\/wp-json\/wp\/v2\/comments?post=60664"}],"version-history":[{"count":0,"href":"https:\/\/www.messinaoggi.it\/website\/wp-json\/wp\/v2\/posts\/60664\/revisions"}],"wp:featuredmedia":[{"embeddable":true,"href":"https:\/\/www.messinaoggi.it\/website\/wp-json\/wp\/v2\/media\/60665"}],"wp:attachment":[{"href":"https:\/\/www.messinaoggi.it\/website\/wp-json\/wp\/v2\/media?parent=60664"}],"wp:term":[{"taxonomy":"category","embeddable":true,"href":"https:\/\/www.messinaoggi.it\/website\/wp-json\/wp\/v2\/categories?post=60664"},{"taxonomy":"post_tag","embeddable":true,"href":"https:\/\/www.messinaoggi.it\/website\/wp-json\/wp\/v2\/tags?post=60664"}],"curies":[{"name":"wp","href":"https:\/\/api.w.org\/{rel}","templated":true}]}}