{"id":60288,"date":"2021-04-20T09:30:00","date_gmt":"2021-04-20T07:30:00","guid":{"rendered":"http:\/\/www.messinaoggi.it\/website\/?p=60288"},"modified":"2021-04-19T00:41:21","modified_gmt":"2021-04-18T22:41:21","slug":"calcio-citta-di-taormina-davide-arigo-sceglie-di-chiudere-la-sua-carriera","status":"publish","type":"post","link":"https:\/\/www.messinaoggi.it\/website\/2021\/04\/20\/calcio-citta-di-taormina-davide-arigo-sceglie-di-chiudere-la-sua-carriera\/","title":{"rendered":"CALCIO &#8211; Citt\u00e0 di Taormina: Davide Arig\u00f2 sceglie di chiudere la sua carriera"},"content":{"rendered":"\n<p>Il nome di Davide Arig\u00f2 rester\u00e0 per sempre legato al Citt\u00e0 di Taormina: \u00e8 suo, infatti, il primo gol ufficiale realizzato dalla compagine biancazzurra nel primo turno di Coppa Italia contro la Katane Soccer. <div id=\"div-gpt-ad-Messinaoggi.it-DSK-300x250-corpoart\" style=\"text-align:center;margin:0 auto;\"><\/div><\/p>\n\n\n\n<p>Ma adesso Arig\u00f2, con il torneo di Promozione chiuso ufficialmente da un paio di settimane, ha deciso di appendere gli scarpini al chiodo: \u201c<em>Scelta definitiva, non ho ripensamenti e adesso guardo al futuro con altre prospettive\u201d<\/em>.<div id=\"videoincontent\" style=\"clear:both\";><\/div><\/p>\n\n\n\n<p>Attaccante dal passato glorioso, Arig\u00f2, classe 1985, \u00e8 cresciuto nel settore giovanile del Messina, vincendo poi da protagonista il Torneo di Viareggio del 2005 con la Juventus, nella squadra di Criscito, Giovinco e Marchisio: <\/p>\n\n\n\n<p>\u201c<em>Sono andato alla Juventus dopo un buon ritiro estivo con il Messina di mister Mutti, giocando con calciatori che ancora adesso militano in Serie A e B. Ero in un contesto importante, pensavo che il calcio sarebbe stato la mia vita e la mia professione, ma quando sei giovane tendi a vivere il momento e fai degli sbagli, come successo a me. Adesso penso che avrei potuto gestire la mia carriera in maniera diversa: ho avuto tante soddisfazioni, ma ho anche dei rimpianti perch\u00e9 alla Juventus ero aggregato alla prima squadra, mi allenavo con Del Piero e Ibrahimovic, avevo tanto mercato in Serie B e anche in A. Poi ho fatto una dignitosa carriera in C, ma, quando assapori quei livelli i rimpianti sono tanti, perch\u00e9 quello \u00e8 il calcio che sognano tutti\u201d.<\/em><\/p>\n\n\n\n<div class=\"wp-block-image\"><figure class=\"aligncenter size-large\"><img loading=\"lazy\" width=\"1024\" height=\"688\" src=\"https:\/\/www.messinaoggi.it\/website\/wp-content\/uploads\/2021\/04\/La-Juventus-Primavera-vincitrice-del-Viareggio-2005-Arigo-terzo-in-piedi-da-destra-accanto-a-Mimmo-Criscito-1024x688.jpeg\" alt=\"\" class=\"wp-image-60291\" srcset=\"https:\/\/www.messinaoggi.it\/website\/wp-content\/uploads\/2021\/04\/La-Juventus-Primavera-vincitrice-del-Viareggio-2005-Arigo-terzo-in-piedi-da-destra-accanto-a-Mimmo-Criscito-1024x688.jpeg 1024w, https:\/\/www.messinaoggi.it\/website\/wp-content\/uploads\/2021\/04\/La-Juventus-Primavera-vincitrice-del-Viareggio-2005-Arigo-terzo-in-piedi-da-destra-accanto-a-Mimmo-Criscito-300x202.jpeg 300w, https:\/\/www.messinaoggi.it\/website\/wp-content\/uploads\/2021\/04\/La-Juventus-Primavera-vincitrice-del-Viareggio-2005-Arigo-terzo-in-piedi-da-destra-accanto-a-Mimmo-Criscito-768x516.jpeg 768w, https:\/\/www.messinaoggi.it\/website\/wp-content\/uploads\/2021\/04\/La-Juventus-Primavera-vincitrice-del-Viareggio-2005-Arigo-terzo-in-piedi-da-destra-accanto-a-Mimmo-Criscito.jpeg 1200w\" sizes=\"(max-width: 1024px) 100vw, 1024px\" \/><figcaption><em><strong>Davide Arig\u00f2 (terzo in piedi da destra) nella Primavera della Juventus<\/strong><\/em><\/figcaption><\/figure><\/div>\n\n\n\n<p>Sono otto le stagioni vissute in pianta stabile tra i professionisti da Arig\u00f2 che, dopo l\u2019esperienza con la Juventus, gioca con Juve Stabia, Martina, Messina (5 presenze in B nel 2007\/08), Manfredonia (tre stagioni), Potenza e Siracusa:<\/p>\n\n\n\n<p> \u201c<em>Ero ambito soprattutto dagli allenatori che prediligevano il 4-3-3, come Raffaele Novelli e Gaetano Auteri, perch\u00e9 potevo giocare in tutti e tre i ruoli dell\u2019attacco. Dopo i campionati a Manfredonia sono andato in C1 a Siracusa, ma ho avuto un infortunio che mi ha condizionato parecchio. Mentalmente non \u00e8 stato facile ripartire: sono stato fermo sei mesi e nel 2011 sono sceso tra i dilettanti con l\u2019Hinterreggio, chiudendo cos\u00ec la mia carriera tra i professionisti\u201d.<\/em><\/p>\n\n\n\n<p>Nel 2015, compiuti i trent\u2019anni, passa al Rocca di Caprileone, prima dell\u2019incontro con Maurizio Lo Re e Giovanni Cardullo che lo portano al Citt\u00e0 di Messina:<\/p>\n\n\n\n<p>\u201c<em>Li ringrazio per tutto quello che mi hanno dato in questi anni. Giovanni per me \u00e8 un fratello maggiore, mi sono legato a lui in maniera assoluta e anche in campo ci siamo tolti delle belle soddisfazioni. Sarebbe stato bello quest\u2019anno completare la stagione iniziata con il Citt\u00e0 di Taormina. Nel finale di carriera poi ho vinto un campionato di Promozione con la Jonica, l\u2019ultima grande gioia vissuta in campo\u201d<\/em>.<\/p>\n\n\n\n<div class=\"wp-block-image\"><figure class=\"aligncenter size-large\"><img loading=\"lazy\" width=\"1024\" height=\"683\" src=\"https:\/\/www.messinaoggi.it\/website\/wp-content\/uploads\/2021\/04\/Davide-Arigo-1-1-1024x683.jpg\" alt=\"\" class=\"wp-image-60292\" srcset=\"https:\/\/www.messinaoggi.it\/website\/wp-content\/uploads\/2021\/04\/Davide-Arigo-1-1-1024x683.jpg 1024w, https:\/\/www.messinaoggi.it\/website\/wp-content\/uploads\/2021\/04\/Davide-Arigo-1-1-300x200.jpg 300w, https:\/\/www.messinaoggi.it\/website\/wp-content\/uploads\/2021\/04\/Davide-Arigo-1-1-768x512.jpg 768w, https:\/\/www.messinaoggi.it\/website\/wp-content\/uploads\/2021\/04\/Davide-Arigo-1-1-1536x1024.jpg 1536w, https:\/\/www.messinaoggi.it\/website\/wp-content\/uploads\/2021\/04\/Davide-Arigo-1-1.jpg 2048w\" sizes=\"(max-width: 1024px) 100vw, 1024px\" \/><figcaption><em><strong>Davide Arig\u00f2 (Citta di Taormina)<\/strong><\/em><\/figcaption><\/figure><\/div>\n\n\n\n<p>Quest\u2019anno, ripensando anche a quel gol con la Katane, Arig\u00f2 aveva ritrovato entusiasmo, grazie anche a una preparazione di alto livello svolta agli ordini di mister Lu Vito:<\/p>\n\n\n\n<p> \u201c<em>Un\u2019estate, tra l\u2019altro, nella quale sono diventato pap\u00e0 di Christian, al quale ho dedicato quella rete. Avevo ritrovato entusiasmo grazie al mister, avevamo fatto una bellissima preparazione e c\u2019erano tutti i presupposti per fare bene. Consapevole di non essere una prima scelta, se ce ne fosse stato bisogno ero comunque pronto a ritagliarmi il mio spazio. Poi per\u00f2 lo stop definitivo ha fatto saltare tutti i piani miei e della societ\u00e0\u201d.<\/em><\/p>\n","protected":false},"excerpt":{"rendered":"<p>Il nome di Davide Arig\u00f2 rester\u00e0 per sempre legato al Citt\u00e0 di Taormina: \u00e8 suo, infatti, il primo gol ufficiale realizzato dalla compagine biancazzurra nel primo turno di Coppa Italia contro la Katane Soccer. Ma adesso Arig\u00f2, con il torneo di Promozione chiuso ufficialmente da un paio di settimane, ha deciso di appendere gli scarpini [&hellip;]<\/p>\n","protected":false},"author":17,"featured_media":60290,"comment_status":"open","ping_status":"open","sticky":false,"template":"","format":"standard","meta":{"ub_ctt_via":"","_mi_skip_tracking":false},"categories":[10,9],"tags":[1409,323],"featured_image_src":"https:\/\/www.messinaoggi.it\/website\/wp-content\/uploads\/2021\/04\/Davide-Arigo.jpg","author_info":{"display_name":"Giuseppe Luppino","author_link":"https:\/\/www.messinaoggi.it\/website\/author\/g-luppino\/"},"digistream_id":0,"digistream":false,"_links":{"self":[{"href":"https:\/\/www.messinaoggi.it\/website\/wp-json\/wp\/v2\/posts\/60288"}],"collection":[{"href":"https:\/\/www.messinaoggi.it\/website\/wp-json\/wp\/v2\/posts"}],"about":[{"href":"https:\/\/www.messinaoggi.it\/website\/wp-json\/wp\/v2\/types\/post"}],"author":[{"embeddable":true,"href":"https:\/\/www.messinaoggi.it\/website\/wp-json\/wp\/v2\/users\/17"}],"replies":[{"embeddable":true,"href":"https:\/\/www.messinaoggi.it\/website\/wp-json\/wp\/v2\/comments?post=60288"}],"version-history":[{"count":3,"href":"https:\/\/www.messinaoggi.it\/website\/wp-json\/wp\/v2\/posts\/60288\/revisions"}],"predecessor-version":[{"id":60316,"href":"https:\/\/www.messinaoggi.it\/website\/wp-json\/wp\/v2\/posts\/60288\/revisions\/60316"}],"wp:featuredmedia":[{"embeddable":true,"href":"https:\/\/www.messinaoggi.it\/website\/wp-json\/wp\/v2\/media\/60290"}],"wp:attachment":[{"href":"https:\/\/www.messinaoggi.it\/website\/wp-json\/wp\/v2\/media?parent=60288"}],"wp:term":[{"taxonomy":"category","embeddable":true,"href":"https:\/\/www.messinaoggi.it\/website\/wp-json\/wp\/v2\/categories?post=60288"},{"taxonomy":"post_tag","embeddable":true,"href":"https:\/\/www.messinaoggi.it\/website\/wp-json\/wp\/v2\/tags?post=60288"}],"curies":[{"name":"wp","href":"https:\/\/api.w.org\/{rel}","templated":true}]}}