{"id":60147,"date":"2021-04-17T18:07:32","date_gmt":"2021-04-17T16:07:32","guid":{"rendered":"https:\/\/www.messinaoggi.it\/website\/2021\/04\/17\/salvini-mio-rinvio-a-giudizio-decisione-piu-politica-che-giudiziaria\/"},"modified":"2021-04-17T23:05:07","modified_gmt":"2021-04-17T21:05:07","slug":"salvini-mio-rinvio-a-giudizio-decisione-piu-politica-che-giudiziaria","status":"publish","type":"post","link":"https:\/\/www.messinaoggi.it\/website\/2021\/04\/17\/salvini-mio-rinvio-a-giudizio-decisione-piu-politica-che-giudiziaria\/","title":{"rendered":"Salvini \u201cMio rinvio a giudizio decisione pi\u00f9 politica che giudiziaria\u201d"},"content":{"rendered":"<div>PALERMO (ITALPRESS) &#8211; &#8220;Quello che si \u00e8 deciso in quest&#8217;aula ha un sapore politico pi\u00f9 che giudiziario&#8221;. Lo ha detto il leader della Lega Matteo Salvini, parlando con i giornalisti a Palermo dopo il rinvio a giudizio per il caso Open Arms.<br \/>&#8220;Ieri ho contribuito a dissequestrare gli italiani, che la prossima settimana potranno andare dopo tanto tempo al ristorante e potranno fare sport. Passare per sequestratore proprio no, \u00e8 ridicola solo l&#8217;idea&#8221;, ha aggiunto l&#8217;ex ministro dell&#8217;Interno.<br \/>&#8220;Sul banco degli imputati ci dovrebbe essere qualcuno che gioca con la pelle degli esseri umani mettendone realmente a repentaglio la vita &#8211; ha detto ancora Salvini -. Se qualcuno gira per tredici giorni nel Mediterraneo in attesa di raccogliere altri immigrati, chi \u00e8 il sequestratore? Chi \u00e8 che gioca con la pelle di questi poveri ragazzi? Sono convinto che al processo emergeranno nuove verit\u00e0&#8221;.<br \/>&#8220;A una settimana di distanza due Procure di una stessa regione su due episodi identici dicono due cose diverse. Serve una riforma della giustizia: in una citt\u00e0 si dice che ho fatto bene, in un&#8217;altra che ho fatto male&#8221;, ha poi proseguito riferendosi al caso Gregoretti e alla Procura di Catania.<br \/>(ITALPRESS).<\/div>\n<div id=\"div-gpt-ad-Messinaoggi.it-DSK-300x250-corpoart\" style=\"text-align:center;margin:0 auto;\"><\/div><\/p><div id=\"videoincontent\" style=\"clear:both\";><\/div>","protected":false},"excerpt":{"rendered":"<p>PALERMO (ITALPRESS) &#8211; &#8220;Quello che si \u00e8 deciso in quest&#8217;aula ha un sapore politico pi\u00f9 che giudiziario&#8221;. Lo ha detto il leader della Lega Matteo Salvini, parlando con i giornalisti a Palermo dopo il rinvio a giudizio per il caso Open Arms.&#8220;Ieri ho contribuito a dissequestrare gli italiani, che la prossima settimana potranno andare dopo [&hellip;]<\/p>\n","protected":false},"author":18,"featured_media":60148,"comment_status":"closed","ping_status":"closed","sticky":false,"template":"","format":"standard","meta":{"ub_ctt_via":"","_mi_skip_tracking":false},"categories":[446,4],"tags":[783],"featured_image_src":"https:\/\/www.messinaoggi.it\/website\/wp-content\/uploads\/2021\/04\/20210417_2124.jpg","author_info":{"display_name":"Admin","author_link":"https:\/\/www.messinaoggi.it\/website\/author\/admin\/"},"digistream_id":0,"digistream":false,"_links":{"self":[{"href":"https:\/\/www.messinaoggi.it\/website\/wp-json\/wp\/v2\/posts\/60147"}],"collection":[{"href":"https:\/\/www.messinaoggi.it\/website\/wp-json\/wp\/v2\/posts"}],"about":[{"href":"https:\/\/www.messinaoggi.it\/website\/wp-json\/wp\/v2\/types\/post"}],"author":[{"embeddable":true,"href":"https:\/\/www.messinaoggi.it\/website\/wp-json\/wp\/v2\/users\/18"}],"replies":[{"embeddable":true,"href":"https:\/\/www.messinaoggi.it\/website\/wp-json\/wp\/v2\/comments?post=60147"}],"version-history":[{"count":1,"href":"https:\/\/www.messinaoggi.it\/website\/wp-json\/wp\/v2\/posts\/60147\/revisions"}],"predecessor-version":[{"id":60173,"href":"https:\/\/www.messinaoggi.it\/website\/wp-json\/wp\/v2\/posts\/60147\/revisions\/60173"}],"wp:featuredmedia":[{"embeddable":true,"href":"https:\/\/www.messinaoggi.it\/website\/wp-json\/wp\/v2\/media\/60148"}],"wp:attachment":[{"href":"https:\/\/www.messinaoggi.it\/website\/wp-json\/wp\/v2\/media?parent=60147"}],"wp:term":[{"taxonomy":"category","embeddable":true,"href":"https:\/\/www.messinaoggi.it\/website\/wp-json\/wp\/v2\/categories?post=60147"},{"taxonomy":"post_tag","embeddable":true,"href":"https:\/\/www.messinaoggi.it\/website\/wp-json\/wp\/v2\/tags?post=60147"}],"curies":[{"name":"wp","href":"https:\/\/api.w.org\/{rel}","templated":true}]}}