{"id":60132,"date":"2021-04-17T16:24:03","date_gmt":"2021-04-17T14:24:03","guid":{"rendered":"http:\/\/www.messinaoggi.it\/website\/?p=60132"},"modified":"2021-04-17T16:24:52","modified_gmt":"2021-04-17T14:24:52","slug":"bonifica-della-zona-falcata-m5s-finalmente-il-via-alla-riqualificazione","status":"publish","type":"post","link":"https:\/\/www.messinaoggi.it\/website\/2021\/04\/17\/bonifica-della-zona-falcata-m5s-finalmente-il-via-alla-riqualificazione\/","title":{"rendered":"Bonifica della Zona Falcata, M5S: &#8220;Finalmente il via alla riqualificazione&#8221;"},"content":{"rendered":"\n<p>&#8220;L\u2019accordo fra l\u2019Autorit\u00e0 di sistema portuale dello Stretto e Sogesid rappresenta un ulteriore tassello del percorso virtuoso che consentir\u00e0 alla citt\u00e0 di riappropriarsi dei suoi beni, della sua storia e della sua identit\u00e0: dopo decenni di immobilismo e parole al vento, finalmente assistiamo a dei fatti concreti&#8221;: cos\u00ec i portavoce nazionali e regionali del M5s Francesco D\u2019Uva, Grazia D\u2019Angelo, Valentina Zafarana, Antonio De Luca commentano la stipula della convenzione che porter\u00e0 alla caratterizzazione ambientale di tre aree della Zona Falcata e all\u2019aggiornamento del relativo Piano: &#8220;Un passaggio necessario e propedeutico alla bonifica e messa in sicurezza della Falce, nell\u2019ottica di una successiva riqualificazione, gi\u00e0 progettata nero su bianco dal presidente Mega &#8211; spiegano &#8211; ringraziando la sottosegretaria Barbara Floridia per l\u2019importantissimo lavoro svolto.<div id=\"div-gpt-ad-Messinaoggi.it-DSK-300x250-corpoart\" style=\"text-align:center;margin:0 auto;\"><\/div><\/p>\n\n\n\n<p>Proprio come l\u2019area della Fiera, la Zona Falcata \u00e8 un\u2019area nevralgica per lo sviluppo economico e turistico di Messina, che pu\u00f2 e deve sfruttare la sua posizione nevralgica al centro del Mediterraneo puntando innanzitutto sul proprio affaccio a mare: chilometri e chilometri di costa che devono tornare a essere vivi, propulsivi e produttivi, per restituire non solo il decoro a lungo negato, ma anche le tante opportunit\u00e0 lavorative e imprenditoriali per troppo tempo gettate al vento.<div id=\"videoincontent\" style=\"clear:both\";><\/div><\/p>\n\n\n\n<p>Grazie all\u2019Autorit\u00e0 di sistema portuale, che il M5s ha fortemente voluto, scongiurando l\u2019accorpamento con Gioia Tauro, \u00e8 stato possibile avviare un progetto complessivo di rifunzionalizzazione che riguarda tutto il lungomare cittadino, dal Baby Park alla Rada San Francesco: un atto dovuto nei confronti dei messinesi, che saranno coinvolti attivamente nel processo di riqualificazione di specifiche aree\u00bb.<\/p>\n\n\n\n<p>\u00abNelle scorse settimane abbiamo avuto modo di fare un sopralluogo insieme ai tecnici dell\u2019Autorit\u00e0 di Sistema Portuale nella zona Falcata e, in particolare, della Real Cittadella. Si tratta di aree rimaste a lungo interdette alla cittadinanza che adesso verranno riqualificate e riconsegnate ai messinesi, cos\u00ec come sta accadendo per l\u2019ex Fiera. Questo non pu\u00f2 che confermare, ancora una volta, l\u2019efficacia di esser riusciti a creare un\u2019AdSP ad hoc per lo Stretto di Messina e le sue specificit\u00e0&#8221;.<\/p>\n","protected":false},"excerpt":{"rendered":"<p>&#8220;L\u2019accordo fra l\u2019Autorit\u00e0 di sistema portuale dello Stretto e Sogesid rappresenta un ulteriore tassello del percorso virtuoso che consentir\u00e0 alla citt\u00e0 di riappropriarsi dei suoi beni, della sua storia e della sua identit\u00e0: dopo decenni di immobilismo e parole al vento, finalmente assistiamo a dei fatti concreti&#8221;: cos\u00ec i portavoce nazionali e regionali del M5s [&hellip;]<\/p>\n","protected":false},"author":4,"featured_media":60133,"comment_status":"open","ping_status":"open","sticky":false,"template":"","format":"standard","meta":{"ub_ctt_via":"","_mi_skip_tracking":false},"categories":[4],"tags":[1401,1402,173,175,755],"featured_image_src":"https:\/\/www.messinaoggi.it\/website\/wp-content\/uploads\/2021\/04\/Francesco-DUva-riunione-per-bonifica-Zona-falcata.jpg","author_info":{"display_name":"redme","author_link":"https:\/\/www.messinaoggi.it\/website\/author\/redme\/"},"digistream_id":0,"digistream":false,"_links":{"self":[{"href":"https:\/\/www.messinaoggi.it\/website\/wp-json\/wp\/v2\/posts\/60132"}],"collection":[{"href":"https:\/\/www.messinaoggi.it\/website\/wp-json\/wp\/v2\/posts"}],"about":[{"href":"https:\/\/www.messinaoggi.it\/website\/wp-json\/wp\/v2\/types\/post"}],"author":[{"embeddable":true,"href":"https:\/\/www.messinaoggi.it\/website\/wp-json\/wp\/v2\/users\/4"}],"replies":[{"embeddable":true,"href":"https:\/\/www.messinaoggi.it\/website\/wp-json\/wp\/v2\/comments?post=60132"}],"version-history":[{"count":1,"href":"https:\/\/www.messinaoggi.it\/website\/wp-json\/wp\/v2\/posts\/60132\/revisions"}],"predecessor-version":[{"id":60134,"href":"https:\/\/www.messinaoggi.it\/website\/wp-json\/wp\/v2\/posts\/60132\/revisions\/60134"}],"wp:featuredmedia":[{"embeddable":true,"href":"https:\/\/www.messinaoggi.it\/website\/wp-json\/wp\/v2\/media\/60133"}],"wp:attachment":[{"href":"https:\/\/www.messinaoggi.it\/website\/wp-json\/wp\/v2\/media?parent=60132"}],"wp:term":[{"taxonomy":"category","embeddable":true,"href":"https:\/\/www.messinaoggi.it\/website\/wp-json\/wp\/v2\/categories?post=60132"},{"taxonomy":"post_tag","embeddable":true,"href":"https:\/\/www.messinaoggi.it\/website\/wp-json\/wp\/v2\/tags?post=60132"}],"curies":[{"name":"wp","href":"https:\/\/api.w.org\/{rel}","templated":true}]}}