{"id":60013,"date":"2021-04-16T20:37:57","date_gmt":"2021-04-16T18:37:57","guid":{"rendered":"http:\/\/www.messinaoggi.it\/website\/?p=60013"},"modified":"2021-04-16T22:31:17","modified_gmt":"2021-04-16T20:31:17","slug":"ecco-le-due-nuove-zone-rosse-nel-messinese","status":"publish","type":"post","link":"https:\/\/www.messinaoggi.it\/website\/2021\/04\/16\/ecco-le-due-nuove-zone-rosse-nel-messinese\/","title":{"rendered":"Ecco le due nuove zone rosse nel messinese"},"content":{"rendered":"\n<p>Altre quattro zone rosse in Sicilia. Lo stabilisce l&#8217;ordinanza firmata dal presidente della Regione, Nello Musumeci, a causa dell\u2019aumento dei contagi del Covid-19.Si tratta dei Comuni di Aci Catena e Adrano, in provincia di Catania; Giardini Naxos e Mistretta, in provincia di <strong>MESSINA<\/strong>.<div id=\"div-gpt-ad-Messinaoggi.it-DSK-300x250-corpoart\" style=\"text-align:center;margin:0 auto;\"><\/div><\/p>\n\n\n\n<p>Il provvedimento, richiesto dai rispettivi sindaci e a seguito delle relazioni delle autorit\u00e0 sanitarie, entrer\u00e0 in vigore domenica 18 aprile, cesser\u00e0 la sua efficacia mercoled\u00ec 28 aprile. <div id=\"videoincontent\" style=\"clear:both\";><\/div><\/p>\n","protected":false},"excerpt":{"rendered":"<p>Altre quattro zone rosse in Sicilia. Lo stabilisce l&#8217;ordinanza firmata dal presidente della Regione, Nello Musumeci, a causa dell\u2019aumento dei contagi del Covid-19.Si tratta dei Comuni di Aci Catena e Adrano, in provincia di Catania; Giardini Naxos e Mistretta, in provincia di MESSINA. Il provvedimento, richiesto dai rispettivi sindaci e a seguito delle relazioni delle [&hellip;]<\/p>\n","protected":false},"author":2,"featured_media":60023,"comment_status":"open","ping_status":"open","sticky":false,"template":"","format":"standard","meta":{"ub_ctt_via":"","_mi_skip_tracking":false},"categories":[221,19],"tags":[],"featured_image_src":"https:\/\/www.messinaoggi.it\/website\/wp-content\/uploads\/2021\/04\/133A9523-6B4B-41C7-A786-D2A44962AF22.png","author_info":{"display_name":"Redazione","author_link":"https:\/\/www.messinaoggi.it\/website\/author\/redazione\/"},"digistream_id":0,"digistream":false,"_links":{"self":[{"href":"https:\/\/www.messinaoggi.it\/website\/wp-json\/wp\/v2\/posts\/60013"}],"collection":[{"href":"https:\/\/www.messinaoggi.it\/website\/wp-json\/wp\/v2\/posts"}],"about":[{"href":"https:\/\/www.messinaoggi.it\/website\/wp-json\/wp\/v2\/types\/post"}],"author":[{"embeddable":true,"href":"https:\/\/www.messinaoggi.it\/website\/wp-json\/wp\/v2\/users\/2"}],"replies":[{"embeddable":true,"href":"https:\/\/www.messinaoggi.it\/website\/wp-json\/wp\/v2\/comments?post=60013"}],"version-history":[{"count":2,"href":"https:\/\/www.messinaoggi.it\/website\/wp-json\/wp\/v2\/posts\/60013\/revisions"}],"predecessor-version":[{"id":60022,"href":"https:\/\/www.messinaoggi.it\/website\/wp-json\/wp\/v2\/posts\/60013\/revisions\/60022"}],"wp:featuredmedia":[{"embeddable":true,"href":"https:\/\/www.messinaoggi.it\/website\/wp-json\/wp\/v2\/media\/60023"}],"wp:attachment":[{"href":"https:\/\/www.messinaoggi.it\/website\/wp-json\/wp\/v2\/media?parent=60013"}],"wp:term":[{"taxonomy":"category","embeddable":true,"href":"https:\/\/www.messinaoggi.it\/website\/wp-json\/wp\/v2\/categories?post=60013"},{"taxonomy":"post_tag","embeddable":true,"href":"https:\/\/www.messinaoggi.it\/website\/wp-json\/wp\/v2\/tags?post=60013"}],"curies":[{"name":"wp","href":"https:\/\/api.w.org\/{rel}","templated":true}]}}