{"id":59978,"date":"2021-04-16T19:07:41","date_gmt":"2021-04-16T17:07:41","guid":{"rendered":"https:\/\/www.messinaoggi.it\/website\/2021\/04\/16\/barbareschi-arriva-su-rai3-con-in-barba-a-tutto\/"},"modified":"2021-04-16T20:53:02","modified_gmt":"2021-04-16T18:53:02","slug":"barbareschi-arriva-su-rai3-con-in-barba-a-tutto","status":"publish","type":"post","link":"https:\/\/www.messinaoggi.it\/website\/2021\/04\/16\/barbareschi-arriva-su-rai3-con-in-barba-a-tutto\/","title":{"rendered":"Barbareschi arriva su Rai3 con \u201cIn barba a tutto\u201d"},"content":{"rendered":"<div>ROMA (ITALPRESS) &#8211; Dice Luca Barbareschi che invecchiare fa bene, anche agli attori. Di certo il passare degli anni aiuta (anche) a smussare certe posizioni un tempo inconciliabili. Al punto da far arrivare lui, che non ha mai nascosto le sue idee politiche (per le quali, peraltro, ha militato nelle file del Pdl e di An), su Raitre, canale Rai storicamente collocato sul fronte opposto: \u00abC&#8217;\u00e8 distanza tra le tue posizioni e quelle della rete\u00bb gli ha detto sorridendo questa mattina, nella conferenza stampa di presentazione del suo nuovo programma &#8220;In barba a tutto&#8221; (da luned\u00ec 19 aprile, in seconda serata) il direttore Franco Di Mare per spiegare il titolo al quale avevano pensato in un primo momento, &#8220;Mi voleva Guglielmi&#8221;. \u00abE&#8217; vero, non \u00e8 la prima volta che mi cercano da Raitre. Angelo Guglielmi (lo storico direttore della rete, ndr) voleva che facessi qualcosa, anche se poi non se ne \u00e8 fatto niente, come spesso accade\u00bb. Insomma, \u00e8 il sottotesto, se lo voleva &#8220;persino&#8221; Guglielmi, questo connubio si pu\u00f2 fare. Ed eccolo qua: otto puntate in cui Barbareschi si propone di raccontare la realt\u00e0 in modo diverso, lontano da quel politically correct che, gli va riconosciuto, non lo ha mai annoverato tra i suoi estimatori. \u00abViviamo in un periodo in cui c&#8217;\u00e8 un delirio di politically correct, \u00e8 una sorta di tumore che ci ha invaso. L&#8217;altro giorno mi sono arrivate le nuove regole degli Academy Awards: il mio film potr\u00e0 partecipare se ci sar\u00e0 il 30% di nani, il 30% di ciechi, transgender, omosessuali, lgbt. Penso che bisogna guardare le cose in maniera diversa, la vita, per fortuna, \u00e8 molto pi\u00f9 comica e pi\u00f9 furba\u00bb.<br \/>In ciascuna delle otto puntate, parola d&#8217;ordine rigorosamente &#8220;sense of humour&#8221;, Barbareschi proporr\u00e0 tre temi, ognuno discusso con un ospite. Si comincia con &#8220;Scienza e romanticismo&#8221; con l&#8217;astrofisico Luca Perri; &#8220;Essere contro&#8221; con Morgan (con lui si parler\u00e0, tra l&#8217;altro, dei Maneskin che \u00aba Sanremo hanno detto le parolacce, avevano il sangue e l&#8217;anello al naso mentre ora che vanno all&#8217;Eurovision Song Contest hanno censurato le parolacce. Ci chiederemo, allora, cos&#8217;\u00e8 davvero la trasgressione\u00bb) e &#8220;Il mondo della lirica \u00e8 maschilista&#8221; con Katia Ricciarelli. Non mancheranno la musica (con una band dal vivo) e, naturalmente, un pizzico di provocazione: \u00abAltrimenti non sarei un attore &#8211; commenta Barbareschi &#8211; E&#8217; ovvio che uno deve provocare un p\u00f2. Cercher\u00f2 di farlo con intelligenza e rispetto. Se non provochi una reazione, questa non ci sar\u00e0 mai. Ma &#8211; promette &#8211; sar\u00e0 una provocazione rispettosa per gli ospiti\u00bb. Tra i quali, peraltro, lui vorrebbe annoverare anche qualche figura istituzionale: \u00abMi piacere avere il ministro dei Beni Culturali Dario Franceschini che l&#8217;estate scorsa \u00e8 stato a casa mia, a Filicudi. E, poi, Luigi Di Maio, che mi sta molto simpatico, Marta Cartabia, Rino Formica e Paolo Cirino Pomicino\u00bb.<br \/>(ITALPRESS).<\/div>\n<div id=\"div-gpt-ad-Messinaoggi.it-DSK-300x250-corpoart\" style=\"text-align:center;margin:0 auto;\"><\/div><\/p><div id=\"videoincontent\" style=\"clear:both\";><\/div>","protected":false},"excerpt":{"rendered":"<p>ROMA (ITALPRESS) &#8211; Dice Luca Barbareschi che invecchiare fa bene, anche agli attori. Di certo il passare degli anni aiuta (anche) a smussare certe posizioni un tempo inconciliabili. Al punto da far arrivare lui, che non ha mai nascosto le sue idee politiche (per le quali, peraltro, ha militato nelle file del Pdl e di [&hellip;]<\/p>\n","protected":false},"author":18,"featured_media":59979,"comment_status":"closed","ping_status":"closed","sticky":false,"template":"","format":"standard","meta":{"ub_ctt_via":"","_mi_skip_tracking":false},"categories":[446,17],"tags":[783],"featured_image_src":"https:\/\/www.messinaoggi.it\/website\/wp-content\/uploads\/2021\/04\/20210416_2352.jpg","author_info":{"display_name":"Admin","author_link":"https:\/\/www.messinaoggi.it\/website\/author\/admin\/"},"digistream_id":0,"digistream":false,"_links":{"self":[{"href":"https:\/\/www.messinaoggi.it\/website\/wp-json\/wp\/v2\/posts\/59978"}],"collection":[{"href":"https:\/\/www.messinaoggi.it\/website\/wp-json\/wp\/v2\/posts"}],"about":[{"href":"https:\/\/www.messinaoggi.it\/website\/wp-json\/wp\/v2\/types\/post"}],"author":[{"embeddable":true,"href":"https:\/\/www.messinaoggi.it\/website\/wp-json\/wp\/v2\/users\/18"}],"replies":[{"embeddable":true,"href":"https:\/\/www.messinaoggi.it\/website\/wp-json\/wp\/v2\/comments?post=59978"}],"version-history":[{"count":1,"href":"https:\/\/www.messinaoggi.it\/website\/wp-json\/wp\/v2\/posts\/59978\/revisions"}],"predecessor-version":[{"id":60025,"href":"https:\/\/www.messinaoggi.it\/website\/wp-json\/wp\/v2\/posts\/59978\/revisions\/60025"}],"wp:featuredmedia":[{"embeddable":true,"href":"https:\/\/www.messinaoggi.it\/website\/wp-json\/wp\/v2\/media\/59979"}],"wp:attachment":[{"href":"https:\/\/www.messinaoggi.it\/website\/wp-json\/wp\/v2\/media?parent=59978"}],"wp:term":[{"taxonomy":"category","embeddable":true,"href":"https:\/\/www.messinaoggi.it\/website\/wp-json\/wp\/v2\/categories?post=59978"},{"taxonomy":"post_tag","embeddable":true,"href":"https:\/\/www.messinaoggi.it\/website\/wp-json\/wp\/v2\/tags?post=59978"}],"curies":[{"name":"wp","href":"https:\/\/api.w.org\/{rel}","templated":true}]}}