{"id":5993,"date":"2017-08-05T11:00:24","date_gmt":"2017-08-05T09:00:24","guid":{"rendered":"http:\/\/www.messinaoggi.it\/website\/?p=5993"},"modified":"2017-08-05T11:00:24","modified_gmt":"2017-08-05T09:00:24","slug":"domani-si-celebrera-il-710-anniversario-della-morte-di-santalberto-carmelitano","status":"publish","type":"post","link":"https:\/\/www.messinaoggi.it\/website\/2017\/08\/05\/domani-si-celebrera-il-710-anniversario-della-morte-di-santalberto-carmelitano\/","title":{"rendered":"Oggi si celebrer\u00e0 il 710\u00b0 anniversario della morte di Sant&#039;Alberto Carmelitano"},"content":{"rendered":"<p style=\"text-align: justify;\" align=\"JUSTIFY\"><span style=\"color: #000000;\"><span style=\"font-family: Arial, sans-serif;\"><span style=\"font-size: medium;\">Alle 18.30 presso il santuario della Madonna del Carmine di Messina la celebrazione del settecentodecimo anniversario della morte di Sant\u2019Alberto Carmelitano. <\/span><\/span><\/span><div id=\"div-gpt-ad-Messinaoggi.it-DSK-300x250-corpoart\" style=\"text-align:center;margin:0 auto;\"><\/div><\/p>\n<p style=\"text-align: justify;\" align=\"JUSTIFY\"><span style=\"color: #000000;\"><span style=\"font-family: Arial, sans-serif;\"><span style=\"font-size: medium;\">Ma chi era esattamente? Oltre ad essere il patrono di Trapani, citt\u00e0 dove nacque intorno al 1250, Alberto degli Abbati \u00e8, insieme a San Placido Martire, Santa Eustochia, San Francesco di Paola e San Camillo, compatrono della citt\u00e0 di Messina, dove \u00e8 vissuto molti anni, operando, secondo la tradizione religiosa, diversi miracoli, e dove \u00e8 morto nel 1307.<\/span><\/span><\/span><div id=\"videoincontent\" style=\"clear:both\";><\/div><\/p>\n<p style=\"text-align: justify;\" align=\"JUSTIFY\"><span style=\"color: #000000;\"><span style=\"font-family: Arial, sans-serif;\"><span style=\"font-size: medium;\">A Sant\u2019Alberto, primo Santo dell\u2019Ordine Carmelitano, \u00e8 legato il celebre episodio della liberazione di Messina dalla carestia nel 1301, quando la citt\u00e0 dello Stretto era assediata da Roberto d\u2019Angi\u00f2, duca di Calabria, e provvidenzialmente entrarono nel porto tre galee cariche di frumento per sfamare la popolazione ridotta allo stremo.\u00a0<\/span><\/span><\/span><span style=\"font-family: Arial, sans-serif;\"><span style=\"font-size: medium;\"><span style=\"color: #000000;\">Un evento ricordato dal cosiddetto &#8220;Vascelluzzo&#8221;, manufatto argenteo che sfila ogni anno durante il Corpus Domini.<\/span><\/span><\/span><\/p>\n<p style=\"text-align: justify;\" align=\"JUSTIFY\"><span style=\"color: #000000;\"><span style=\"font-family: Arial, sans-serif;\"><span style=\"font-size: medium;\">Nel dettaglio, per tutta la giornata sar\u00e0 esposto il suo braccio reliquiario e alle 18.30 si svolger\u00e0 la Solenne Celebrazione Eucaristica con la tradizionale benedizione dell\u2019acqua presieduta dal parroco e rettore del Santuario, don Gianfranco Centorrino.<\/span><\/span><\/span><\/p>\n<p style=\"text-align: justify;\" align=\"JUSTIFY\"><span style=\"color: #000000;\"><span style=\"font-family: Arial, sans-serif;\"><span style=\"font-size: medium;\">Saranno presenti le comunit\u00e0 carmelitane di Scaletta, Guidomandri e Santa Teresa. Prima della benedizione dell\u2019acqua sar\u00e0 per\u00f2 accesa, a nome di tutta la cittadinanza, una lampada votiva da parte della presidente del Consiglio comunale, Emilia Barrile, nel ricordo di una deliberazione del Senato messinese del 1629 della quale verr\u00e0 data lettura.<\/span><\/span><\/span><\/p>\n","protected":false},"excerpt":{"rendered":"<p>Alle 18.30 presso il santuario della Madonna del Carmine di Messina la celebrazione del settecentodecimo anniversario della morte di Sant\u2019Alberto Carmelitano. Ma chi era esattamente? Oltre ad essere il patrono di Trapani, citt\u00e0 dove nacque intorno al 1250, Alberto degli Abbati \u00e8, insieme a San Placido Martire, Santa Eustochia, San Francesco di Paola e San [&hellip;]<\/p>\n","protected":false},"author":8,"featured_media":5996,"comment_status":"closed","ping_status":"open","sticky":false,"template":"","format":"standard","meta":{"ub_ctt_via":"","_mi_skip_tracking":false},"categories":[5],"tags":[],"featured_image_src":"https:\/\/www.messinaoggi.it\/website\/wp-content\/uploads\/2017\/08\/S.-Alberto-2.jpg","author_info":{"display_name":"red..me","author_link":"https:\/\/www.messinaoggi.it\/website\/author\/redstage\/"},"digistream_id":0,"digistream":false,"_links":{"self":[{"href":"https:\/\/www.messinaoggi.it\/website\/wp-json\/wp\/v2\/posts\/5993"}],"collection":[{"href":"https:\/\/www.messinaoggi.it\/website\/wp-json\/wp\/v2\/posts"}],"about":[{"href":"https:\/\/www.messinaoggi.it\/website\/wp-json\/wp\/v2\/types\/post"}],"author":[{"embeddable":true,"href":"https:\/\/www.messinaoggi.it\/website\/wp-json\/wp\/v2\/users\/8"}],"replies":[{"embeddable":true,"href":"https:\/\/www.messinaoggi.it\/website\/wp-json\/wp\/v2\/comments?post=5993"}],"version-history":[{"count":0,"href":"https:\/\/www.messinaoggi.it\/website\/wp-json\/wp\/v2\/posts\/5993\/revisions"}],"wp:featuredmedia":[{"embeddable":true,"href":"https:\/\/www.messinaoggi.it\/website\/wp-json\/wp\/v2\/media\/5996"}],"wp:attachment":[{"href":"https:\/\/www.messinaoggi.it\/website\/wp-json\/wp\/v2\/media?parent=5993"}],"wp:term":[{"taxonomy":"category","embeddable":true,"href":"https:\/\/www.messinaoggi.it\/website\/wp-json\/wp\/v2\/categories?post=5993"},{"taxonomy":"post_tag","embeddable":true,"href":"https:\/\/www.messinaoggi.it\/website\/wp-json\/wp\/v2\/tags?post=5993"}],"curies":[{"name":"wp","href":"https:\/\/api.w.org\/{rel}","templated":true}]}}