{"id":59868,"date":"2021-04-16T07:11:04","date_gmt":"2021-04-16T05:11:04","guid":{"rendered":"http:\/\/www.messinaoggi.it\/website\/?p=59868"},"modified":"2021-04-16T07:11:06","modified_gmt":"2021-04-16T05:11:06","slug":"de-luca-m5s-nessun-assist-a-la-paglia","status":"publish","type":"post","link":"https:\/\/www.messinaoggi.it\/website\/2021\/04\/16\/de-luca-m5s-nessun-assist-a-la-paglia\/","title":{"rendered":"De Luca (M5S): &#8220;Nessun assist a La Paglia&#8221;"},"content":{"rendered":"\n<p>Il rinvio della votazione in Commissione regionale Sanit\u00e0 della votazione per il parere, obbligatorio ma non vincolante, sulla decadenza de manager dell&#8217;Asp, Paolo La Paglia, ha scatenato un vespaio di polemiche. Antonio De Luca, del M5S, prende le distanze da Forza Italia e dalle beghe che stanno lacerano la maggioranza di governo. &#8220;Contrariamente a quanto riportato dal vostro giornale, sono intervenuto in Commissione per sottolineare come le responsabilit\u00e0 della cattiva gestione dell&#8217;emergenza sanitaria siano diffuse. Non solo da attribuire a La Paglia, non vuole essere una sua difesa, ma a tutta l&#8217;Asp e in modo particolare all&#8217;ex assessore alla Salute, Ruggero Razza&#8221;.<div id=\"div-gpt-ad-Messinaoggi.it-DSK-300x250-corpoart\" style=\"text-align:center;margin:0 auto;\"><\/div><\/p>\n\n\n\n<p>La richiesta di rinvio della votazione &#8211; ha spiegato De Luca &#8211; \u00e8 stata solo tecnica, dal momento che i deputati hanno avuto poco tempo per prendere visione di tutte le carte.<div id=\"videoincontent\" style=\"clear:both\";><\/div><\/p>\n\n\n\n<p>C&#8217;\u00e8 da dire che lo stesso Paolo La Paglia ha chiesto di essere audito in Commissione, ma difficilmente gli sar\u00e0 data la possibilit\u00e0 di rappresentare le proprie istanze.<\/p>\n\n\n\n<p>Fatti i dovuti distinguo politici che il deputato Antonio De Luca ha tenuto a sottolineare, la prossima settimana la Commissione dovrebbe (il condizionale \u00e8 d&#8217;obbligo), pronunciarsi sulla decadenza del manager.<\/p>\n","protected":false},"excerpt":{"rendered":"<p>Il rinvio della votazione in Commissione regionale Sanit\u00e0 della votazione per il parere, obbligatorio ma non vincolante, sulla decadenza de manager dell&#8217;Asp, Paolo La Paglia, ha scatenato un vespaio di polemiche. Antonio De Luca, del M5S, prende le distanze da Forza Italia e dalle beghe che stanno lacerano la maggioranza di governo. &#8220;Contrariamente a quanto [&hellip;]<\/p>\n","protected":false},"author":2,"featured_media":34357,"comment_status":"open","ping_status":"open","sticky":false,"template":"","format":"standard","meta":{"ub_ctt_via":"","_mi_skip_tracking":false},"categories":[6],"tags":[40,768,585],"featured_image_src":"https:\/\/www.messinaoggi.it\/website\/wp-content\/uploads\/2019\/06\/91440DDA-C7A1-4A33-B430-ABEF1987EB63.jpeg","author_info":{"display_name":"Redazione","author_link":"https:\/\/www.messinaoggi.it\/website\/author\/redazione\/"},"digistream_id":0,"digistream":false,"_links":{"self":[{"href":"https:\/\/www.messinaoggi.it\/website\/wp-json\/wp\/v2\/posts\/59868"}],"collection":[{"href":"https:\/\/www.messinaoggi.it\/website\/wp-json\/wp\/v2\/posts"}],"about":[{"href":"https:\/\/www.messinaoggi.it\/website\/wp-json\/wp\/v2\/types\/post"}],"author":[{"embeddable":true,"href":"https:\/\/www.messinaoggi.it\/website\/wp-json\/wp\/v2\/users\/2"}],"replies":[{"embeddable":true,"href":"https:\/\/www.messinaoggi.it\/website\/wp-json\/wp\/v2\/comments?post=59868"}],"version-history":[{"count":1,"href":"https:\/\/www.messinaoggi.it\/website\/wp-json\/wp\/v2\/posts\/59868\/revisions"}],"predecessor-version":[{"id":59871,"href":"https:\/\/www.messinaoggi.it\/website\/wp-json\/wp\/v2\/posts\/59868\/revisions\/59871"}],"wp:featuredmedia":[{"embeddable":true,"href":"https:\/\/www.messinaoggi.it\/website\/wp-json\/wp\/v2\/media\/34357"}],"wp:attachment":[{"href":"https:\/\/www.messinaoggi.it\/website\/wp-json\/wp\/v2\/media?parent=59868"}],"wp:term":[{"taxonomy":"category","embeddable":true,"href":"https:\/\/www.messinaoggi.it\/website\/wp-json\/wp\/v2\/categories?post=59868"},{"taxonomy":"post_tag","embeddable":true,"href":"https:\/\/www.messinaoggi.it\/website\/wp-json\/wp\/v2\/tags?post=59868"}],"curies":[{"name":"wp","href":"https:\/\/api.w.org\/{rel}","templated":true}]}}