{"id":5969,"date":"2017-08-05T08:35:48","date_gmt":"2017-08-05T06:35:48","guid":{"rendered":"http:\/\/www.messinaoggi.it\/website\/?p=5969"},"modified":"2017-08-05T08:35:48","modified_gmt":"2017-08-05T06:35:48","slug":"calcio-lacr-messina-riparte-dalla-serie-d-girone-i-in-sovrannumero","status":"publish","type":"post","link":"https:\/\/www.messinaoggi.it\/website\/2017\/08\/05\/calcio-lacr-messina-riparte-dalla-serie-d-girone-i-in-sovrannumero\/","title":{"rendered":"Calcio, il Messina riparte dalla Serie D: Girone I in sovrannumero"},"content":{"rendered":"<p>E&#8217; ufficiale. Il Messina ripartir\u00e0 dalla Serie D in un Girone I in sovrannumero che, come tradizione, vedr\u00e0 ai nastri di partenza squadre siciliane, calabresi e campane. \u00a0Il via libera \u00e8 arrivato da Roma, per bocca del vice presidente della Lnd, Area Sud \u00a0Sandro Morgana.<br \/>\nL\u2019attesa composizione dei gironi slitta di alcuni giorni\u00a0poich\u00e9 ci sar\u00e0 da attendere\u00a0il responso del Collegio di Garanzia del Coni, chiamato in causa dal Rende, che sembrava certo del ripescaggio in C ed \u00e8 stato invece escluso per una presunta irregolarit\u00e0 nella fideiussione presentata all&#8217;interno della domanda di iscrizione.<br \/>\nOra l&#8217;Acr pu\u00f2 pensare a programmare la stagione, si spera del rilancio.\u00a0La societ\u00e0 peloritana ha comunicato anche un cambio di programma riguardante la preparazione atletica, poich\u00e8 &#8211; per sopraggiunti problemi logistici ed organizzativi &#8211; non sar\u00e0 Fondachelli Fantina la sede del ritiro precampionato ma bens\u00ec\u00a0Rocca di Caprileone che presenta una struttura modernissima ed un campo realizzato nel 2014 in erba sintetica.<br \/>\nAl raduno saranno presenti parecchi giocatori appartenenti alle Juniores. La seconda parte del ritiro, secondo indiscrezioni, potrebbe svolgersi al \u201cFranco Scoglio\u201d, ma l&#8217;obiettivo di Sciotto \u00e8 sistemare il &#8220;Celeste&#8221; per disputare le gare casalinghe, il vecchio catino di via Oreto potrebbe essere il punto di forza dei giallorossi.<div id=\"div-gpt-ad-Messinaoggi.it-DSK-300x250-corpoart\" style=\"text-align:center;margin:0 auto;\"><\/div><\/p>\n<div id=\"videoincontent\" style=\"clear:both\";><\/div>","protected":false},"excerpt":{"rendered":"<p>E&#8217; ufficiale. Il Messina ripartir\u00e0 dalla Serie D in un Girone I in sovrannumero che, come tradizione, vedr\u00e0 ai nastri di partenza squadre siciliane, calabresi e campane. \u00a0Il via libera \u00e8 arrivato da Roma, per bocca del vice presidente della Lnd, Area Sud \u00a0Sandro Morgana. L\u2019attesa composizione dei gironi slitta di alcuni giorni\u00a0poich\u00e9 ci sar\u00e0 [&hellip;]<\/p>\n","protected":false},"author":2,"featured_media":1171,"comment_status":"closed","ping_status":"open","sticky":false,"template":"","format":"standard","meta":{"ub_ctt_via":"","_mi_skip_tracking":false},"categories":[19],"tags":[],"featured_image_src":"https:\/\/www.messinaoggi.it\/website\/wp-content\/uploads\/2017\/06\/2541IS7_5568tifosime-2.jpg","author_info":{"display_name":"Redazione","author_link":"https:\/\/www.messinaoggi.it\/website\/author\/redazione\/"},"digistream_id":0,"digistream":false,"_links":{"self":[{"href":"https:\/\/www.messinaoggi.it\/website\/wp-json\/wp\/v2\/posts\/5969"}],"collection":[{"href":"https:\/\/www.messinaoggi.it\/website\/wp-json\/wp\/v2\/posts"}],"about":[{"href":"https:\/\/www.messinaoggi.it\/website\/wp-json\/wp\/v2\/types\/post"}],"author":[{"embeddable":true,"href":"https:\/\/www.messinaoggi.it\/website\/wp-json\/wp\/v2\/users\/2"}],"replies":[{"embeddable":true,"href":"https:\/\/www.messinaoggi.it\/website\/wp-json\/wp\/v2\/comments?post=5969"}],"version-history":[{"count":0,"href":"https:\/\/www.messinaoggi.it\/website\/wp-json\/wp\/v2\/posts\/5969\/revisions"}],"wp:featuredmedia":[{"embeddable":true,"href":"https:\/\/www.messinaoggi.it\/website\/wp-json\/wp\/v2\/media\/1171"}],"wp:attachment":[{"href":"https:\/\/www.messinaoggi.it\/website\/wp-json\/wp\/v2\/media?parent=5969"}],"wp:term":[{"taxonomy":"category","embeddable":true,"href":"https:\/\/www.messinaoggi.it\/website\/wp-json\/wp\/v2\/categories?post=5969"},{"taxonomy":"post_tag","embeddable":true,"href":"https:\/\/www.messinaoggi.it\/website\/wp-json\/wp\/v2\/tags?post=5969"}],"curies":[{"name":"wp","href":"https:\/\/api.w.org\/{rel}","templated":true}]}}