{"id":59563,"date":"2021-04-13T23:54:34","date_gmt":"2021-04-13T21:54:34","guid":{"rendered":"http:\/\/www.messinaoggi.it\/website\/?p=59563"},"modified":"2021-04-13T23:54:36","modified_gmt":"2021-04-13T21:54:36","slug":"nuoto-esordienti-power-team-brillano-a-paterno-ai-regionali-del-campionato-italiano","status":"publish","type":"post","link":"https:\/\/www.messinaoggi.it\/website\/2021\/04\/13\/nuoto-esordienti-power-team-brillano-a-paterno-ai-regionali-del-campionato-italiano\/","title":{"rendered":"NUOTO &#8211; Esordienti Power Team brillano a Patern\u00f2 ai regionali del campionato italiano"},"content":{"rendered":"\n<p>Prosegue la costante crescita di prestazioni dei nuotatori della Power Team. Gli Esordienti A e B hanno fornito risposte positive nel secondo appuntamento del Campionato Italiano di categoria su base regionale, che si \u00e8 svolto nella piscina \u201cGiovanni Paolo II\u201d di Patern\u00f2.<div id=\"div-gpt-ad-Messinaoggi.it-DSK-300x250-corpoart\" style=\"text-align:center;margin:0 auto;\"><\/div><\/p>\n\n\n\n<p>Soddisfatti i tecnici Gabriele Grif\u00f2 e Luca Bombaci per come si sono comportanti i giovani messinesi, che, a distanza di tre settimane dalla prova d\u2019apertura della stagione, hanno migliorato i primati personali, piazzandosi nei \u201cquartieri nobili\u201d delle varie classifiche, a conferma della bont\u00e0 del lavoro portato avanti giornalmente nella piscina di Villa Dante. <div id=\"videoincontent\" style=\"clear:both\";><\/div><\/p>\n\n\n\n<div class=\"wp-block-image\"><figure class=\"aligncenter size-large\"><img loading=\"lazy\" width=\"1024\" height=\"683\" src=\"https:\/\/www.messinaoggi.it\/website\/wp-content\/uploads\/2021\/04\/Lorenzo-Iannello-POWER-TEAM-1-1-1024x683.jpeg\" alt=\"\" class=\"wp-image-59571\" srcset=\"https:\/\/www.messinaoggi.it\/website\/wp-content\/uploads\/2021\/04\/Lorenzo-Iannello-POWER-TEAM-1-1-1024x683.jpeg 1024w, https:\/\/www.messinaoggi.it\/website\/wp-content\/uploads\/2021\/04\/Lorenzo-Iannello-POWER-TEAM-1-1-300x200.jpeg 300w, https:\/\/www.messinaoggi.it\/website\/wp-content\/uploads\/2021\/04\/Lorenzo-Iannello-POWER-TEAM-1-1-768x512.jpeg 768w, https:\/\/www.messinaoggi.it\/website\/wp-content\/uploads\/2021\/04\/Lorenzo-Iannello-POWER-TEAM-1-1.jpeg 1080w\" sizes=\"(max-width: 1024px) 100vw, 1024px\" \/><figcaption><strong>Lorenzo Iannello (Power Team) secondo tempo regionale sui 50 metri rana<\/strong><\/figcaption><\/figure><\/div>\n\n\n\n<p>In particolare, va segnalato il secondo tempo in Sicilia (44\u201d80) fatto segnare da Lorenzo Iannello nei 50 metri rana, impreziosito dal quarto crono nei 100.\u00a0<\/p>\n\n\n\n<p><em>\u201cPossiamo affermare di aver centrato l\u2019obiettivo che ci eravamo prefissati<\/em> &#8211; dichiara Bombaci &#8211; <em>cio\u00e8 abbassare i tempi dell\u2019intero gruppo. In pi\u00f9 abbiamo diversi atleti che hanno ottenuto lusinghieri piazzamenti. Un peccato l\u2019assenza di tre dei dieci iscritti, che avrebbero potuto ottenere brillanti risultati. Conclusa la fase invernale in vasca corta pure dei grandi, penseremo e programmeremo la parte estiva\u201d.<\/em><\/p>\n\n\n\n<p>La Power Team \u00e8 attesa, intanto, da un intenso weekend di gare. <\/p>\n\n\n\n<p>Sabato 17 e domenica 18 aprile \u00e8 in calendario, sempre nell\u2019impianto natatorio del comune etneo, l\u2019ultima tappa riservata a Ragazzi, Junior, Cadetti e Senior. <\/p>\n\n\n\n<figure class=\"wp-block-image size-large\"><img loading=\"lazy\" width=\"1024\" height=\"683\" src=\"https:\/\/www.messinaoggi.it\/website\/wp-content\/uploads\/2021\/04\/Allenamento-nuotatori-della-POWER-TEAM-con-il-tecnico-Gabriele-Grifo-1024x683.jpg\" alt=\"\" class=\"wp-image-59565\" srcset=\"https:\/\/www.messinaoggi.it\/website\/wp-content\/uploads\/2021\/04\/Allenamento-nuotatori-della-POWER-TEAM-con-il-tecnico-Gabriele-Grifo-1024x683.jpg 1024w, https:\/\/www.messinaoggi.it\/website\/wp-content\/uploads\/2021\/04\/Allenamento-nuotatori-della-POWER-TEAM-con-il-tecnico-Gabriele-Grifo-300x200.jpg 300w, https:\/\/www.messinaoggi.it\/website\/wp-content\/uploads\/2021\/04\/Allenamento-nuotatori-della-POWER-TEAM-con-il-tecnico-Gabriele-Grifo-768x512.jpg 768w, https:\/\/www.messinaoggi.it\/website\/wp-content\/uploads\/2021\/04\/Allenamento-nuotatori-della-POWER-TEAM-con-il-tecnico-Gabriele-Grifo-1536x1024.jpg 1536w, https:\/\/www.messinaoggi.it\/website\/wp-content\/uploads\/2021\/04\/Allenamento-nuotatori-della-POWER-TEAM-con-il-tecnico-Gabriele-Grifo.jpg 2048w\" sizes=\"(max-width: 1024px) 100vw, 1024px\" \/><figcaption><em><strong>Fase di allenamento degli atleti Power Team<\/strong><\/em><\/figcaption><\/figure>\n\n\n\n<p>In 17 difenderanno i colori della societ\u00e0 presieduta da Alessandro Accolla: <em>Roberta Cupit\u00f2, Carmen Freni, Juli Gamin, Manuela Giacopello, Martha Parlavecchio, Melania Piccolo, Elena Raspaolo, Angelo Bellantoni, Marco Cupit\u00f2, Andrea Curr\u00f2, Gianmarco Grif\u00f2, Ivan Guglielmo, Carmelo Gugliotta, Sergio Lich\u00ec, Claudio Marcimino, Arturo Merlino e Riccardo Sidoti.\u00a0<\/em><\/p>\n","protected":false},"excerpt":{"rendered":"<p>Prosegue la costante crescita di prestazioni dei nuotatori della Power Team. Gli Esordienti A e B hanno fornito risposte positive nel secondo appuntamento del Campionato Italiano di categoria su base regionale, che si \u00e8 svolto nella piscina \u201cGiovanni Paolo II\u201d di Patern\u00f2. Soddisfatti i tecnici Gabriele Grif\u00f2 e Luca Bombaci per come si sono comportanti [&hellip;]<\/p>\n","protected":false},"author":17,"featured_media":59566,"comment_status":"open","ping_status":"open","sticky":false,"template":"","format":"standard","meta":{"ub_ctt_via":"","_mi_skip_tracking":false},"categories":[8,9],"tags":[1348,359],"featured_image_src":"https:\/\/www.messinaoggi.it\/website\/wp-content\/uploads\/2021\/04\/Allenamento-nuotatori-della-POWER-TEAM-1.jpg","author_info":{"display_name":"Giuseppe Luppino","author_link":"https:\/\/www.messinaoggi.it\/website\/author\/g-luppino\/"},"digistream_id":0,"digistream":false,"_links":{"self":[{"href":"https:\/\/www.messinaoggi.it\/website\/wp-json\/wp\/v2\/posts\/59563"}],"collection":[{"href":"https:\/\/www.messinaoggi.it\/website\/wp-json\/wp\/v2\/posts"}],"about":[{"href":"https:\/\/www.messinaoggi.it\/website\/wp-json\/wp\/v2\/types\/post"}],"author":[{"embeddable":true,"href":"https:\/\/www.messinaoggi.it\/website\/wp-json\/wp\/v2\/users\/17"}],"replies":[{"embeddable":true,"href":"https:\/\/www.messinaoggi.it\/website\/wp-json\/wp\/v2\/comments?post=59563"}],"version-history":[{"count":5,"href":"https:\/\/www.messinaoggi.it\/website\/wp-json\/wp\/v2\/posts\/59563\/revisions"}],"predecessor-version":[{"id":59572,"href":"https:\/\/www.messinaoggi.it\/website\/wp-json\/wp\/v2\/posts\/59563\/revisions\/59572"}],"wp:featuredmedia":[{"embeddable":true,"href":"https:\/\/www.messinaoggi.it\/website\/wp-json\/wp\/v2\/media\/59566"}],"wp:attachment":[{"href":"https:\/\/www.messinaoggi.it\/website\/wp-json\/wp\/v2\/media?parent=59563"}],"wp:term":[{"taxonomy":"category","embeddable":true,"href":"https:\/\/www.messinaoggi.it\/website\/wp-json\/wp\/v2\/categories?post=59563"},{"taxonomy":"post_tag","embeddable":true,"href":"https:\/\/www.messinaoggi.it\/website\/wp-json\/wp\/v2\/tags?post=59563"}],"curies":[{"name":"wp","href":"https:\/\/api.w.org\/{rel}","templated":true}]}}