{"id":59469,"date":"2021-04-13T12:02:04","date_gmt":"2021-04-13T10:02:04","guid":{"rendered":"http:\/\/www.messinaoggi.it\/website\/?p=59469"},"modified":"2021-04-13T12:09:46","modified_gmt":"2021-04-13T10:09:46","slug":"buche-killer-sulla18-fioccano-le-richieste-di-risarcimento","status":"publish","type":"post","link":"https:\/\/www.messinaoggi.it\/website\/2021\/04\/13\/buche-killer-sulla18-fioccano-le-richieste-di-risarcimento\/","title":{"rendered":"Buche-killer sull&#8217;A18, fioccano le richieste di risarcimento"},"content":{"rendered":"\n<p>Fioccano le richieste di risarcimento per le buche-killer sull&#8217;A18 Messina-Catania nella giornata nera del 21 marzo scorso. Uno \u201cscherzetto\u201d da mille euro, e parliamo solo di un singolo caso: basta moltiplicare per le decine e decine di utenti della strada che hanno subito la stessa disavventura per avere un\u2019idea di quanto stanno costando le buche-killer sull\u2019A18. Ed \u00e8 un miracolo che finora i danni si siano sostanzialmente limitati ai veicoli, perch\u00e9 qui \u00e8 anche e soprattutto una questione di sicurezza per le persone. Al punto che sono scattate anche chiusure di alcuni tratti disposte dalla Prefettura.<div id=\"div-gpt-ad-Messinaoggi.it-DSK-300x250-corpoart\" style=\"text-align:center;margin:0 auto;\"><\/div><\/p>\n\n\n\n<p>La vicenda esplosa il mese scorso dei &#8220;crateri&#8221; apertisi con le piogge lungo la gi\u00e0 martoriata Messina-Catania, com\u2019\u00e8 noto, \u00e8 diventata anche un caso politico con tanto di interrogazioni in consiglio regionale, anche in considerazione dei lavori in corso di rifacimento del manto stradale, di cui a questo punto da pi\u00f9 parti si chiede di ricevere delucidazioni.<div id=\"videoincontent\" style=\"clear:both\";><\/div><\/p>\n\n\n\n<p>Ma a protestare sono per prime le vittime del \u201cfondo\u201d colabrodo. Tra loro una quarantacinquenne di Mineo, in provincia di Catania, una delle sventurate che il 21 marzo 2021 ha \u201cbucato\u201d la ruota del suo Mercedes Benz classe V mentre procedeva sulla corsia in direzione Messina, all\u2019altezza della progressiva chilometrica 34, nel territorio comunale di Giardini Naxos: il tutto rilevato anche da una pattuglia della Polstrada di Messina, intervenuta sul posto. Quella \u201cvoragine\u201d lo stesso giorno \u00e8 costata la medesima sorte ad un\u2019altra ventina di mezzi che ci sono finiti dentro.<\/p>\n\n\n\n<p>Risultato, la automobilista ha dovuto chiamare il soccorso stradale, per una spesa di 430 euro, far trasportare il suo \u201cbus navetta\u201d in una carrozzeria, cambiare la gomma e far nuovamente regolare l\u2019assetto del veicolo, per un esborso di ulteriori 250 euro. Ma la malcapitata viaggiava per lavoro, gestisce anche un\u2019attivit\u00e0 di autoservizi di noleggio con conducente e si stava recando a Messina per prelevare e trasportare un cliente: ha perso una commessa da trecento euro. In total, un migliaio di euro polverizzati in pochi istanti: una bella botta per una piccola impresa che peraltro, come tante altre, ha gi\u00e0 sofferto non poco a causa della crisi da Covid.<\/p>\n\n\n\n<p>La danneggiata, attraverso il consulente legale Salvatore Agosta, per essere completamente risarcita si \u00e8 affidata a Studio3A-Valore S.p.A., societ\u00e0 specializzata a livello nazionale nel risarcimento danni e nella tutela dei diritti dei cittadini, che segue anche altri casi sul genere occorsi nei giorni scorsi e che naturalmente ha subito richiesto i danni per conto di tutti i suoi assistiti al Consorzio autostrade siciliane, corredando le richieste con tutta la documentazione comprovante gli incidenti e le spese sostenute. Nella speranza che l\u2019Ente gestore dell\u2019A18, dopo tutto quello che hanno dovuto subire i suoi utenti, non intenda tirare \u201cbuca\u201d e frapporre ostruzionismi anche per la sacrosanta liquidazione dei danni.<\/p>\n","protected":false},"excerpt":{"rendered":"<p>Fioccano le richieste di risarcimento per le buche-killer sull&#8217;A18 Messina-Catania nella giornata nera del 21 marzo scorso. Uno \u201cscherzetto\u201d da mille euro, e parliamo solo di un singolo caso: basta moltiplicare per le decine e decine di utenti della strada che hanno subito la stessa disavventura per avere un\u2019idea di quanto stanno costando le buche-killer [&hellip;]<\/p>\n","protected":false},"author":4,"featured_media":56387,"comment_status":"open","ping_status":"open","sticky":false,"template":"","format":"standard","meta":{"ub_ctt_via":"","_mi_skip_tracking":false},"categories":[6],"tags":[575,1341,989],"featured_image_src":"https:\/\/www.messinaoggi.it\/website\/wp-content\/uploads\/2021\/03\/A18-Messina-Catania-1.jpg","author_info":{"display_name":"redme","author_link":"https:\/\/www.messinaoggi.it\/website\/author\/redme\/"},"digistream_id":0,"digistream":false,"_links":{"self":[{"href":"https:\/\/www.messinaoggi.it\/website\/wp-json\/wp\/v2\/posts\/59469"}],"collection":[{"href":"https:\/\/www.messinaoggi.it\/website\/wp-json\/wp\/v2\/posts"}],"about":[{"href":"https:\/\/www.messinaoggi.it\/website\/wp-json\/wp\/v2\/types\/post"}],"author":[{"embeddable":true,"href":"https:\/\/www.messinaoggi.it\/website\/wp-json\/wp\/v2\/users\/4"}],"replies":[{"embeddable":true,"href":"https:\/\/www.messinaoggi.it\/website\/wp-json\/wp\/v2\/comments?post=59469"}],"version-history":[{"count":1,"href":"https:\/\/www.messinaoggi.it\/website\/wp-json\/wp\/v2\/posts\/59469\/revisions"}],"predecessor-version":[{"id":59470,"href":"https:\/\/www.messinaoggi.it\/website\/wp-json\/wp\/v2\/posts\/59469\/revisions\/59470"}],"wp:featuredmedia":[{"embeddable":true,"href":"https:\/\/www.messinaoggi.it\/website\/wp-json\/wp\/v2\/media\/56387"}],"wp:attachment":[{"href":"https:\/\/www.messinaoggi.it\/website\/wp-json\/wp\/v2\/media?parent=59469"}],"wp:term":[{"taxonomy":"category","embeddable":true,"href":"https:\/\/www.messinaoggi.it\/website\/wp-json\/wp\/v2\/categories?post=59469"},{"taxonomy":"post_tag","embeddable":true,"href":"https:\/\/www.messinaoggi.it\/website\/wp-json\/wp\/v2\/tags?post=59469"}],"curies":[{"name":"wp","href":"https:\/\/api.w.org\/{rel}","templated":true}]}}