{"id":59431,"date":"2021-04-13T19:00:39","date_gmt":"2021-04-13T17:00:39","guid":{"rendered":"http:\/\/www.messinaoggi.it\/website\/?p=59431"},"modified":"2021-04-13T02:45:10","modified_gmt":"2021-04-13T00:45:10","slug":"rally-i-messinesi-andrea-e-giuseppe-nucita-dominano-il-68-rally-di-sanremo","status":"publish","type":"post","link":"https:\/\/www.messinaoggi.it\/website\/2021\/04\/13\/rally-i-messinesi-andrea-e-giuseppe-nucita-dominano-il-68-rally-di-sanremo\/","title":{"rendered":"RALLY &#8211; I messinesi Andrea e Giuseppe Nucita dominano il 68\u00b0 rally di Sanremo"},"content":{"rendered":"\n<p>Ottime notizie giungono dalla riviera ligure per la delegazione regionale ACI, grazie a due equipaggi a successo pieno.<div id=\"div-gpt-ad-Messinaoggi.it-DSK-300x250-corpoart\" style=\"text-align:center;margin:0 auto;\"><\/div><\/p>\n\n\n\n<p>&#8220;<em>Il doppio successo dei nostri piloti ed il ruolo da protagonista che hanno avuto tutti, \u00e8 certamente un grande motivo d&#8217;orgoglio, soprattutto in una gara impegnativa come il Rallye Sanremo <\/em>&#8211; ha dichiarato Daniele Settimo Delegato\/Fiduciario Regionale per la Regione Sicilia &#8211; <em>ma tutto ci\u00f2 \u00e8 anche la conferma di capacit\u00e0, passione e impegno dei piloti siciliani nel volersi misurare con profitto nei massimi contesti Italiani&#8221;<\/em>.<div id=\"videoincontent\" style=\"clear:both\";><\/div><\/p>\n\n\n\n<p><strong>Andrea e Giuseppe Nucita<\/strong> si sono imposti al volante della Peugeot 208 R4 al 68esimo Rally di Sanremo, bissando la vittoria del Ciocco al termine di una gara in rimonta. Il rally \u00e8 diventato subito faticoso per l&#8217;equipaggio di Santa Teresa Riva a causa di un testacoda della vettura sulla PS 1, che ne ha causato un lieve ritardo. <\/p>\n\n\n\n<p>La rincorsa \u00e8 stata chiusa egregiamente con il meritato sorpasso sulla PS 5. Da quel momento, con ottimi parziali, Nucita ha mantenuto la testa della gara fino alla fine.<\/p>\n\n\n\n<figure class=\"wp-block-image size-large\"><img loading=\"lazy\" width=\"1024\" height=\"683\" src=\"https:\/\/www.messinaoggi.it\/website\/wp-content\/uploads\/2021\/04\/nucita-nucita-1024x683.jpg\" alt=\"\" class=\"wp-image-59434\" srcset=\"https:\/\/www.messinaoggi.it\/website\/wp-content\/uploads\/2021\/04\/nucita-nucita-1024x683.jpg 1024w, https:\/\/www.messinaoggi.it\/website\/wp-content\/uploads\/2021\/04\/nucita-nucita-300x200.jpg 300w, https:\/\/www.messinaoggi.it\/website\/wp-content\/uploads\/2021\/04\/nucita-nucita-768x512.jpg 768w, https:\/\/www.messinaoggi.it\/website\/wp-content\/uploads\/2021\/04\/nucita-nucita-1536x1024.jpg 1536w, https:\/\/www.messinaoggi.it\/website\/wp-content\/uploads\/2021\/04\/nucita-nucita-2048x1365.jpg 2048w\" sizes=\"(max-width: 1024px) 100vw, 1024px\" \/><figcaption><em><strong>I vincitori del 68\u00b0 Rally di Sanremo, Andrea e Giuseppe Nucita (Peugeot 208 R4)<\/strong><\/em><\/figcaption><\/figure>\n\n\n\n<p> \u201c<em> E\u2019 stato difficile<\/em> -ha dichiarato Nucita \u2013 s<em>oprattutto per le condizioni meteo, ma grazie al supporto di tutta la squadra abbiamo ottenuto il massimo. Siamo in testa al campionato a punteggio pieno, bisogna continuare cos\u00ec\u201d<\/em>.<\/p>\n\n\n\n<p>Successo immediato all&#8217;esordio nella serie ACI Team Italia per l&#8217;equipaggio CST Sport formato da Alessandro<strong> Casella<\/strong> pilota  di Piraino classe 1994 e l\u2019esperto navigatore di Patti Rosario <strong>Siragusano<\/strong>, che alla prima gara sulla Ford Fiesta R4 si sono messi subito in evidenza dimostrando grande adattabilit\u00e0 sulle strade rese viscide dalla pioggia. <\/p>\n\n\n\n<p>Dopo un\u2019 avvio interlocutorio, vincendo la difficile PS 2 di oltre 20 Km, sono balzati in vetta e con grande determinazione ha mantenuto il primato fino al traguardo.<\/p>\n\n\n\n<p>Hanno \u201csgomitato\u201d cercando di farsi largo fra le tantissime R5 gli altri due emergenti equipaggi siciliani, <strong>Profeta &#8211; Raccuja <\/strong>e <strong>Pollara-Mangiarotti<\/strong>. <\/p>\n\n\n\n<figure class=\"wp-block-image size-large\"><img loading=\"lazy\" width=\"1024\" height=\"683\" src=\"https:\/\/www.messinaoggi.it\/website\/wp-content\/uploads\/2021\/04\/profeta-raccuia-1-1024x683.jpg\" alt=\"\" class=\"wp-image-59436\" srcset=\"https:\/\/www.messinaoggi.it\/website\/wp-content\/uploads\/2021\/04\/profeta-raccuia-1-1024x683.jpg 1024w, https:\/\/www.messinaoggi.it\/website\/wp-content\/uploads\/2021\/04\/profeta-raccuia-1-300x200.jpg 300w, https:\/\/www.messinaoggi.it\/website\/wp-content\/uploads\/2021\/04\/profeta-raccuia-1-768x512.jpg 768w, https:\/\/www.messinaoggi.it\/website\/wp-content\/uploads\/2021\/04\/profeta-raccuia-1-1536x1024.jpg 1536w, https:\/\/www.messinaoggi.it\/website\/wp-content\/uploads\/2021\/04\/profeta-raccuia-1-2048x1365.jpg 2048w\" sizes=\"(max-width: 1024px) 100vw, 1024px\" \/><figcaption><em><strong>Alessio Profeta e Sergio Raccuja su Skoda Fabia R5<\/strong><\/em><\/figcaption><\/figure>\n\n\n\n<p>Complessivamente anche per loro l\u2019esperienza sanremese \u00e8 stata proficua in vista dei prossimi impegni. Alessio Profeta ha portato con soddisfazione la sua Skoda Fabia R5 sul palco finale della gara nei primi venti. <\/p>\n\n\n\n<p>Marco Pollara, di par suo, ha dimostrato di cominciare a prendere confidenza con la Citroen CR con alcuni parziali cronometrici davvero interessanti.<\/p>\n\n\n\n<p>In evidenza al 68\u00b0 Rally di Sanremo il trapanese figlio d&#8217;arte Giorgio <strong>Fichera<\/strong> che, con alle note Alessandro <strong>Mazzocchi<\/strong>, ha colto un ottimo secondo posto nella categoria riservata alle Suzuki Swift Hibrid, facendo bottino di parecchi punti per la corsa al primato tricolore.<\/p>\n\n\n\n<p>Piazza d&#8217;onore anche per I nisseni Giovanni <strong>Lanzalaco <\/strong>e Alessandro <strong>Marchica<\/strong> su Renault Clio Rally 5 in classe R1. I portacolori  dell\u2019Ateneo, storico sodalizio palermitano, su tutti I passaggi hanno mantenuto  posizioni di vertice, restando in scia ai vincitori.<\/p>\n\n\n\n<figure class=\"wp-block-image size-large\"><img loading=\"lazy\" width=\"1024\" height=\"683\" src=\"https:\/\/www.messinaoggi.it\/website\/wp-content\/uploads\/2021\/04\/casella-siragusano3-1-1024x683.jpg\" alt=\"\" class=\"wp-image-59437\" srcset=\"https:\/\/www.messinaoggi.it\/website\/wp-content\/uploads\/2021\/04\/casella-siragusano3-1-1024x683.jpg 1024w, https:\/\/www.messinaoggi.it\/website\/wp-content\/uploads\/2021\/04\/casella-siragusano3-1-300x200.jpg 300w, https:\/\/www.messinaoggi.it\/website\/wp-content\/uploads\/2021\/04\/casella-siragusano3-1-768x512.jpg 768w, https:\/\/www.messinaoggi.it\/website\/wp-content\/uploads\/2021\/04\/casella-siragusano3-1-1536x1024.jpg 1536w, https:\/\/www.messinaoggi.it\/website\/wp-content\/uploads\/2021\/04\/casella-siragusano3-1-2048x1365.jpg 2048w\" sizes=\"(max-width: 1024px) 100vw, 1024px\" \/><figcaption><em><strong>Alessandro Casella e Rosario Siragusano (Ford Fiesta R4) al 68\u00b0 Rally di Sanremo<\/strong><\/em><\/figcaption><\/figure>\n\n\n\n<p>Al<strong> Sanremo Rally Storico<\/strong>, sfortunata partecipazione, ma da vero protagonista, per <strong>Angelo Lombardo<\/strong> navigato da Hars Ratnayake.<\/p>\n\n\n\n<p>ll pilota cefaludese \u00e8 rimasto attardato per il cedimento dell\u2019ammortizatore posteriore sinistro della sua Porsche di 4\u00b0 Raggruppamento nel corso della seconda speciale del primo giorno. <\/p>\n\n\n\n<p>A dimostrazione della sua competitivit\u00e0 restano i due successi parziali nel corso della seconda tappa, che lasciano l&#8217;amaro in bocca per un  piazzamento che  sarebbe potuto essere  di assoluto vertice.<\/p>\n\n\n\n<p>Ha suscitato simpatia la presenza alla gara storica anche del palermitano Alfredo Gippetto, con la sua Volkswagen Golf GTI .<\/p>\n","protected":false},"excerpt":{"rendered":"<p>Ottime notizie giungono dalla riviera ligure per la delegazione regionale ACI, grazie a due equipaggi a successo pieno. &#8220;Il doppio successo dei nostri piloti ed il ruolo da protagonista che hanno avuto tutti, \u00e8 certamente un grande motivo d&#8217;orgoglio, soprattutto in una gara impegnativa come il Rallye Sanremo &#8211; ha dichiarato Daniele Settimo Delegato\/Fiduciario Regionale [&hellip;]<\/p>\n","protected":false},"author":17,"featured_media":59433,"comment_status":"open","ping_status":"open","sticky":false,"template":"","format":"standard","meta":{"ub_ctt_via":"","_mi_skip_tracking":false},"categories":[8,9],"tags":[370],"featured_image_src":"https:\/\/www.messinaoggi.it\/website\/wp-content\/uploads\/2021\/04\/profeta-raccuia-scaled.jpg","author_info":{"display_name":"Giuseppe Luppino","author_link":"https:\/\/www.messinaoggi.it\/website\/author\/g-luppino\/"},"digistream_id":0,"digistream":false,"_links":{"self":[{"href":"https:\/\/www.messinaoggi.it\/website\/wp-json\/wp\/v2\/posts\/59431"}],"collection":[{"href":"https:\/\/www.messinaoggi.it\/website\/wp-json\/wp\/v2\/posts"}],"about":[{"href":"https:\/\/www.messinaoggi.it\/website\/wp-json\/wp\/v2\/types\/post"}],"author":[{"embeddable":true,"href":"https:\/\/www.messinaoggi.it\/website\/wp-json\/wp\/v2\/users\/17"}],"replies":[{"embeddable":true,"href":"https:\/\/www.messinaoggi.it\/website\/wp-json\/wp\/v2\/comments?post=59431"}],"version-history":[{"count":4,"href":"https:\/\/www.messinaoggi.it\/website\/wp-json\/wp\/v2\/posts\/59431\/revisions"}],"predecessor-version":[{"id":59446,"href":"https:\/\/www.messinaoggi.it\/website\/wp-json\/wp\/v2\/posts\/59431\/revisions\/59446"}],"wp:featuredmedia":[{"embeddable":true,"href":"https:\/\/www.messinaoggi.it\/website\/wp-json\/wp\/v2\/media\/59433"}],"wp:attachment":[{"href":"https:\/\/www.messinaoggi.it\/website\/wp-json\/wp\/v2\/media?parent=59431"}],"wp:term":[{"taxonomy":"category","embeddable":true,"href":"https:\/\/www.messinaoggi.it\/website\/wp-json\/wp\/v2\/categories?post=59431"},{"taxonomy":"post_tag","embeddable":true,"href":"https:\/\/www.messinaoggi.it\/website\/wp-json\/wp\/v2\/tags?post=59431"}],"curies":[{"name":"wp","href":"https:\/\/api.w.org\/{rel}","templated":true}]}}