{"id":5937,"date":"2017-08-04T15:00:08","date_gmt":"2017-08-04T13:00:08","guid":{"rendered":"http:\/\/www.messinaoggi.it\/website\/?p=5937"},"modified":"2017-08-04T15:00:08","modified_gmt":"2017-08-04T13:00:08","slug":"migranti-a-patti-movimento-citta-viva-bisogna-consultare-i-cittadini-attraverso-referendum","status":"publish","type":"post","link":"https:\/\/www.messinaoggi.it\/website\/2017\/08\/04\/migranti-a-patti-movimento-citta-viva-bisogna-consultare-i-cittadini-attraverso-referendum\/","title":{"rendered":"Migranti a Patti, Movimento Citt\u00e0 Viva: \u201cBisogna consultare i cittadini attraverso referendum\u201d"},"content":{"rendered":"<p style=\"text-align: justify\" align=\"LEFT\"><span style=\"font-family: Arial, sans-serif\"><span style=\"font-size: medium\">La migrazione si sa \u00e8 un tema che surriscalda gli animi dell&#8217;intera collettivit\u00e0, tant&#8217;\u00e8 vero che il Sindaco di Patti, Giuseppe Mauro Aquino, ha deciso in tal senso di convocare un consiglio comunale aperto all&#8217;intera cittadinanza e alle associazioni del settore. Tuttavia il Movimento Citt\u00e0 Viva non ci sta, preferendo invece l&#8217;indizione di un referendum consultivo che, a detta del movimento civico, coinvolgerebbe realmente i cittadini. Il motivo di ci\u00f2? \u201cL<span style=\"color: #333333\">\u2019argomento immigrati \u2013 spiega il Presidente di Movimento Citt\u00e0 Viva, Max Mannelli \u2013 dovrebbe passare attraverso la consulta dei cittadini, e non attraverso l\u2019istituzione consiglio comunale che, pur essendo espressione della citt\u00e0, su questo argomento oggi non esprime l\u2019umore e il pensiero della piazza e dei cittadini\u201d. Insomma, detto in poche parole l&#8217;attuale giunta comunale secondo l&#8217;associazione civica non si farebbe portavoce delle vere istanze della collettivit\u00e0.<\/span><\/span><\/span><div id=\"div-gpt-ad-Messinaoggi.it-DSK-300x250-corpoart\" style=\"text-align:center;margin:0 auto;\"><\/div><\/p>\n<p style=\"text-align: justify\" align=\"LEFT\"><span style=\"font-family: Arial, sans-serif\"><span style=\"font-size: medium\"><span style=\"color: #333333\">Ma non si fermano qua le richieste di Movimento Citt\u00e0 Viva: \u201cConsiderato \u2013 continua a spiegare il Presidente Mannelli &#8211; che a maggioranza degli immigrati oggetto di sistemazione vengono definiti come profughi quando in realt\u00e0 lo status giuridico che meglio li identifica, in prima battuta, \u00e8 quello di immigrati clandestini, visti i lunghi tempi di accertamento del loro reale status; chiediamo di sapere:<\/span><\/span><\/span><div id=\"videoincontent\" style=\"clear:both\";><\/div><\/p>\n<p style=\"text-align: justify\" align=\"LEFT\"><span style=\"font-family: Arial, sans-serif\"><span style=\"font-size: medium\"><span style=\"color: #333333\">1. Se sia gi\u00e0 stata comunicata la volont\u00e0 della prefettura di trovare una sistemazione di immigrati nel territorio del nostro comune;<br \/>\n2. Se si in quale numero;<br \/>\n3. Se sia stata posta all\u2019autorit\u00e0 prefettizia, da parte di codesta amministrazione, una valutazione negativa o preferibilmente un veto in merito ad un\u2019eventuale richiesta di ospitare immigrati sul territorio del nostro comune senza un ben definito status giuridico;<br \/>\n4. Quale sia la posizione ufficiale di codesta amministrazione sul problema della dislocazione nel territorio comunale di eventuali soggetti provenienti da azione di immigrazione clandestina;<br \/>\n5. Considerata la situazione di emergenza addivenire di possibili immissioni di immigrati clandestini e\/o rifugiati, si chiede di conoscere quale siano allo stato dei fatti le azioni intraprese dal sindaco in merito all\u2019incolumit\u00e0 pubblica e alla tutela della sicurezza urbana;<br \/>\n6. Infine per tutto quanto inerente il problema accoglienza di profughi o clandestini ed i relativi rapporti tra questa amministrazione e l\u2019autorit\u00e0 prefettizia, chiediamo al sindaco di riferire alla citt\u00e0 la Sua posizione\u201d.<\/span><\/span><\/span><\/p>\n","protected":false},"excerpt":{"rendered":"<p>La migrazione si sa \u00e8 un tema che surriscalda gli animi dell&#8217;intera collettivit\u00e0, tant&#8217;\u00e8 vero che il Sindaco di Patti, Giuseppe Mauro Aquino, ha deciso in tal senso di convocare un consiglio comunale aperto all&#8217;intera cittadinanza e alle associazioni del settore. Tuttavia il Movimento Citt\u00e0 Viva non ci sta, preferendo invece l&#8217;indizione di un referendum [&hellip;]<\/p>\n","protected":false},"author":8,"featured_media":1561,"comment_status":"closed","ping_status":"open","sticky":false,"template":"","format":"standard","meta":{"ub_ctt_via":"","_mi_skip_tracking":false},"categories":[13,14],"tags":[],"featured_image_src":"https:\/\/www.messinaoggi.it\/website\/wp-content\/uploads\/2017\/06\/Migranti-soccorsi-2.jpg","author_info":{"display_name":"red..me","author_link":"https:\/\/www.messinaoggi.it\/website\/author\/redstage\/"},"digistream_id":0,"digistream":false,"_links":{"self":[{"href":"https:\/\/www.messinaoggi.it\/website\/wp-json\/wp\/v2\/posts\/5937"}],"collection":[{"href":"https:\/\/www.messinaoggi.it\/website\/wp-json\/wp\/v2\/posts"}],"about":[{"href":"https:\/\/www.messinaoggi.it\/website\/wp-json\/wp\/v2\/types\/post"}],"author":[{"embeddable":true,"href":"https:\/\/www.messinaoggi.it\/website\/wp-json\/wp\/v2\/users\/8"}],"replies":[{"embeddable":true,"href":"https:\/\/www.messinaoggi.it\/website\/wp-json\/wp\/v2\/comments?post=5937"}],"version-history":[{"count":0,"href":"https:\/\/www.messinaoggi.it\/website\/wp-json\/wp\/v2\/posts\/5937\/revisions"}],"wp:featuredmedia":[{"embeddable":true,"href":"https:\/\/www.messinaoggi.it\/website\/wp-json\/wp\/v2\/media\/1561"}],"wp:attachment":[{"href":"https:\/\/www.messinaoggi.it\/website\/wp-json\/wp\/v2\/media?parent=5937"}],"wp:term":[{"taxonomy":"category","embeddable":true,"href":"https:\/\/www.messinaoggi.it\/website\/wp-json\/wp\/v2\/categories?post=5937"},{"taxonomy":"post_tag","embeddable":true,"href":"https:\/\/www.messinaoggi.it\/website\/wp-json\/wp\/v2\/tags?post=5937"}],"curies":[{"name":"wp","href":"https:\/\/api.w.org\/{rel}","templated":true}]}}