{"id":5926,"date":"2017-08-04T10:18:49","date_gmt":"2017-08-04T08:18:49","guid":{"rendered":"http:\/\/www.messinaoggi.it\/website\/?p=5926"},"modified":"2017-08-04T10:18:49","modified_gmt":"2017-08-04T08:18:49","slug":"cerreti-mli-scrive-allars-siciliani-vittime-del-massacro-degli-enti-locali","status":"publish","type":"post","link":"https:\/\/www.messinaoggi.it\/website\/2017\/08\/04\/cerreti-mli-scrive-allars-siciliani-vittime-del-massacro-degli-enti-locali\/","title":{"rendered":"Cerreti (Mli) scrive all&#039;Ars: &quot;Siciliani vittime del massacro degli Enti locali&quot;"},"content":{"rendered":"<p>Sulla mancata riforma delle province \u00a0e sulle possibili conseguenze nefaste per migliaia di lavoratori siciliani, registriamo la presa di posizione di Roberto Cerreti, capogruppo Mli, che scrive una lettera indirizzata ai deputati dell&#8217;Ars:<strong>\u00a0\u00a0<\/strong><em>Ill.mi Onorevoli<\/em>, la presente per denunziare, a nome di tutti coloro che negli anni hanno creduto e si sono spesi nelle Istituzioni provinciali, l&#8217;enorme stato di disagio ed il reale pericolo di dissesto finanziario a cui sono esposte le ex Province regionali siciliane, ridotte all&#8217;osso da politiche antidemocratiche ed ai limiti della costituzionalit\u00e0 che, permeate dalle cosiddette &#8216;logiche di interesse politico e partitiche&#8217;, hanno e stanno creando enorme nocumento all\u2019intero territorio regionale.<br \/>\nLo scrivente Movimento per primo e gi\u00e0 in passato, aveva manifestato le proprie perplessit\u00e0 in termini di legittimit\u00e0 ed incostituzionalit\u00e0 della norma che ha deciso la pseudo abolizione delle province siciliane, rivolgendosi e presentando ricorso nelle sedi giudiziarie competenti.<br \/>\nOggi e dopo le risultanze dell&#8217;ultimo referendum, capiamo che quella legge non piaceva ai siciliani, anche se, purtroppo, si \u00e8 stati costretti inermi ad assistere al massacro degli Enti provinciali e delle loro gi\u00e0 precarie economie, ovviamente a discapito dei territori provinciali e dei cittadini.<br \/>\nPer quanto sopra e per i profili costituzionali emersi a livello nazionale, poco si comprende, al cospetto della rapidit\u00e0 con cui si \u00e8 deliberata l&#8217;abolizione delle province, la lentezza del Parlamento siciliano, nel portare in Aula l\u2019argomento e ripristinare le Province siciliane.<br \/>\nVogliamo ricordare che quell&#8217;improvvida decisione \u00e8 costata ai territori provinciali centinaia di migliaia di milioni di euro per le mancate trasferenze statali e per la conseguente drastica riduzione degli stanziamenti regionali in favore delle ex Province regionali, che hanno visto i propri bilanci trimezzati rispetto al 2013, con le conseguenti e gravi difficolt\u00e0 nel poter continuare ad intervenire, secondo le proprie competenze, in quei settori strategici, tra i quali vogliamo ricordare l\u2019edilizia scolastica e la viabilit\u00e0 provinciale.<br \/>\nSe qualcuno pensa, sottraendosi alle proprie responsabilit\u00e0, di rinviare la deliberazione di ripristino delle province in Sicilia, per evitare cattive figure rispetto al disastro amministrativo e normativo commesso, e di riempire le proprie liste regionali con i &#8216;trombati&#8217; ex consiglieri provinciali, pensiamo sia proprio fuori strada.<br \/>\nI siciliani e la Sicilia sanno bene di chi e quali sono le responsabilit\u00e0 di questo immane disastro, che rischia nei prossimi giorni di portare tutte e nove le ex Province siciliane al dissesto economico e finanziario, a meno che non si rintraccino 200 milioni di euro. \u00c8 arrivato il momento d&#8217;intervenire in maniera seria e concreta per ripristinare la democrazia in Sicilia e nei territori provinciali, i siciliani non possono pi\u00f9 aspettare.<br \/>\nVi invitiamo pertanto, in nome del popolo sovrano a far rispettare la Costituzione Italiana, la volont\u00e0 popolare e soprattutto a scongiurare quelle &#8220;logiche&#8221; che parrebbe vogliano lasciare in eredit\u00e0 al Governo che verr\u00e0, Enti in dissesto e\u00a0 migliaia di dipendenti e famiglie siciliane in pericolo di sopravvivenza&#8221;.<div id=\"div-gpt-ad-Messinaoggi.it-DSK-300x250-corpoart\" style=\"text-align:center;margin:0 auto;\"><\/div><\/p>\n<div id=\"videoincontent\" style=\"clear:both\";><\/div>","protected":false},"excerpt":{"rendered":"<p>Sulla mancata riforma delle province \u00a0e sulle possibili conseguenze nefaste per migliaia di lavoratori siciliani, registriamo la presa di posizione di Roberto Cerreti, capogruppo Mli, che scrive una lettera indirizzata ai deputati dell&#8217;Ars:\u00a0\u00a0Ill.mi Onorevoli, la presente per denunziare, a nome di tutti coloro che negli anni hanno creduto e si sono spesi nelle Istituzioni provinciali, [&hellip;]<\/p>\n","protected":false},"author":2,"featured_media":2246,"comment_status":"closed","ping_status":"open","sticky":false,"template":"","format":"standard","meta":{"ub_ctt_via":"","_mi_skip_tracking":false},"categories":[6],"tags":[],"featured_image_src":"https:\/\/www.messinaoggi.it\/website\/wp-content\/uploads\/2017\/06\/Palazzo-dei-Leoni-sede-provincia-2.jpg","author_info":{"display_name":"Redazione","author_link":"https:\/\/www.messinaoggi.it\/website\/author\/redazione\/"},"digistream_id":0,"digistream":false,"_links":{"self":[{"href":"https:\/\/www.messinaoggi.it\/website\/wp-json\/wp\/v2\/posts\/5926"}],"collection":[{"href":"https:\/\/www.messinaoggi.it\/website\/wp-json\/wp\/v2\/posts"}],"about":[{"href":"https:\/\/www.messinaoggi.it\/website\/wp-json\/wp\/v2\/types\/post"}],"author":[{"embeddable":true,"href":"https:\/\/www.messinaoggi.it\/website\/wp-json\/wp\/v2\/users\/2"}],"replies":[{"embeddable":true,"href":"https:\/\/www.messinaoggi.it\/website\/wp-json\/wp\/v2\/comments?post=5926"}],"version-history":[{"count":0,"href":"https:\/\/www.messinaoggi.it\/website\/wp-json\/wp\/v2\/posts\/5926\/revisions"}],"wp:featuredmedia":[{"embeddable":true,"href":"https:\/\/www.messinaoggi.it\/website\/wp-json\/wp\/v2\/media\/2246"}],"wp:attachment":[{"href":"https:\/\/www.messinaoggi.it\/website\/wp-json\/wp\/v2\/media?parent=5926"}],"wp:term":[{"taxonomy":"category","embeddable":true,"href":"https:\/\/www.messinaoggi.it\/website\/wp-json\/wp\/v2\/categories?post=5926"},{"taxonomy":"post_tag","embeddable":true,"href":"https:\/\/www.messinaoggi.it\/website\/wp-json\/wp\/v2\/tags?post=5926"}],"curies":[{"name":"wp","href":"https:\/\/api.w.org\/{rel}","templated":true}]}}